{"id":61511,"date":"2025-04-25T12:22:53","date_gmt":"2025-04-25T15:22:53","guid":{"rendered":"https:\/\/infovera.com.ar\/web\/?p=61511"},"modified":"2025-04-25T12:22:53","modified_gmt":"2025-04-25T15:22:53","slug":"felipe-michlig-fue-reelecto-por-unanimidad-como-presidente-provisional-del-senado","status":"publish","type":"post","link":"https:\/\/infovera.com.ar\/web\/2025\/04\/25\/felipe-michlig-fue-reelecto-por-unanimidad-como-presidente-provisional-del-senado\/","title":{"rendered":"Felipe Michlig fue reelecto por unanimidad como presidente provisional del Senado"},"content":{"rendered":"<p>De esta manera el Senador por el Dpto. San Crist\u00f3bal continuar\u00e1 siendo la tercera autoridad provincial, en l\u00ednea sucesoria seg\u00fan indica el ordenamiento constitucional.<\/p>\n<p>Este jueves, durante el transcurso de la Sesi\u00f3n Extraordinaria de la C\u00e1mara de Senadores, presidida por la vicegobernadora Gisela Scaglia, se concret\u00f3 la Sesi\u00f3n Preparatoria, en la que se definieron las autoridades del cuerpo para el pr\u00f3ximo periodo de sesiones, entre ellas, Presidente Provisional, vicepresidentes Primero y Segundo, y secretarios Administrativo, Legislativo y Subsecretario, para el periodo de sesiones ordinarias.<\/p>\n<p>En tal sentido, por unanimidad el cuerpo vot\u00f3 al senador por el Departamento San Crist\u00f3bal, Felipe Michlig, para renovar el lugar de Presidente Provisional de la C\u00e1mara Alta, lo cual significa ocupar el tercer lugar en el orden de sucesi\u00f3n constitucional, luego del Gobernador y la Vicegobernadora.<\/p>\n<p><strong>\u201cEs un alto honor\u201d<\/strong><\/p>\n<p>El senador\u00a0Michlig reflej\u00f3 que \u201ces un alto honor que renueven la confianza en mi persona para ocupar en este importante lugar\u201d, agradeciendo a todos sus pares, \u201cpara lo que redoblar\u00e9 los esfuerzos para hacer las cosas de la mejor manera posible para\u00a0estar a la altura de las circunstancias\u201d, a lo que agreg\u00f3 que \u201cen tal sentido ratificamos el\u00a0compromiso que asumimos desde el inicio de la gesti\u00f3n de UNIDOS junto a Gobernador Pullaro y la Vicegobernadora Scaglia, para seguir avanzando con profundas reformas que redundar\u00e1n a favor de todos los santafesinos en el corto y mediano plazo\u201d.<\/p>\n<p>Consultado sobre la prensa parlamentar\u00eda sobre la pr\u00f3xima reforma de la constituci\u00f3n provincial, Felipe Michlig\u00a0remarc\u00f3 \u201cla necesidad de\u00a0avanzar sin excusas con este compromiso que tenemos con la sociedad santafesina,\u00a0para terminar con privilegios, bajar los costos de la pol\u00edtica, consagrar nuevos derechos ciudadanos, entre tantos debates que se van a dar en el marco de los 42 art\u00edculos habilitados\u201d, agregando que \u201cnosotros creemos que la convenci\u00f3n tiene que empezar en julio en coincidencia con el receso legislativo y en un marco de absoluta austeridad,\u00a0para lo que\u00a0los convencionales de Unidos ya adelantamos que ninguno cobrar dieta (sueldo)\u00a0y\u00a0cumplir como un deber p\u00fablico esta honrosa tarea reformadora\u201d.<\/p>\n<p><strong>Dem\u00e1s autoridades<\/strong><\/p>\n<p>Tambi\u00e9n\u00a0se renov\u00f3 la nominaci\u00f3n para el senador por Vera, Osvaldo Sosa como Vicepresidente Primero y Leticia Di Gregorio, senadora por Gral. L\u00f3pez, como vicepresidenta Segunda.<\/p>\n<p>Asimismo, fueron designados\u00a0Diego Maciel como secretario Administrativo, Agust\u00edn Lemos como secretario Legislativo, y Patricia Boni como Subsecretaria.<\/p>\n<p>Como es habitual,\u00a0se fijaron los d\u00edas y horarios para realizar las Sesiones, siendo los jueves a las 15 hs y los viernes a las 10. Tambi\u00e9n se vot\u00f3 la conformaci\u00f3n de las Comisiones que integran el Cuerpo.<\/p>\n<p><strong>Apertura del Per\u00edodo de Sesiones N\u00b0 143<\/strong><\/p>\n<p>Por otra parte, la Sesi\u00f3n Ordinaria N\u00b01 del Per\u00edodo N\u00b0143 fue convocada para el pr\u00f3ximo jueves 1 de mayo a las 9:30 hs. Mientras que la Asamblea Legislativa en la que el Gobernador de la Provincia leer\u00e1 su mensaje fue citada a las 10:30 hs del mismo d\u00eda.<\/p>\n","protected":false},"excerpt":{"rendered":"<p>De esta manera el Senador por el Dpto. San Crist\u00f3bal continuar\u00e1 siendo la tercera autoridad provincial, en l\u00ednea sucesoria seg\u00fan indica el ordenamiento constitucional. Este jueves, durante el transcurso de la Sesi\u00f3n Extraordinaria de la C\u00e1mara de Senadores, presidida por la vicegobernadora Gisela Scaglia, se concret\u00f3 la Sesi\u00f3n Preparatoria, en la que se definieron las [&hellip;]<\/p>\n","protected":false},"author":3,"featured_media":61512,"comment_status":"closed","ping_status":"closed","sticky":false,"template":"","format":"standard","meta":{"_joinchat":[],"footnotes":""},"categories":[60],"tags":[],"class_list":{"0":"post-61511","1":"post","2":"type-post","3":"status-publish","4":"format-standard","5":"has-post-thumbnail","7":"category-provinciales"},"_links":{"self":[{"href":"https:\/\/infovera.com.ar\/web\/wp-json\/wp\/v2\/posts\/61511","targetHints":{"allow":["GET"]}}],"collection":[{"href":"https:\/\/infovera.com.ar\/web\/wp-json\/wp\/v2\/posts"}],"about":[{"href":"https:\/\/infovera.com.ar\/web\/wp-json\/wp\/v2\/types\/post"}],"author":[{"embeddable":true,"href":"https:\/\/infovera.com.ar\/web\/wp-json\/wp\/v2\/users\/3"}],"replies":[{"embeddable":true,"href":"https:\/\/infovera.com.ar\/web\/wp-json\/wp\/v2\/comments?post=61511"}],"version-history":[{"count":0,"href":"https:\/\/infovera.com.ar\/web\/wp-json\/wp\/v2\/posts\/61511\/revisions"}],"wp:featuredmedia":[{"embeddable":true,"href":"https:\/\/infovera.com.ar\/web\/wp-json\/wp\/v2\/media\/61512"}],"wp:attachment":[{"href":"https:\/\/infovera.com.ar\/web\/wp-json\/wp\/v2\/media?parent=61511"}],"wp:term":[{"taxonomy":"category","embeddable":true,"href":"https:\/\/infovera.com.ar\/web\/wp-json\/wp\/v2\/categories?post=61511"},{"taxonomy":"post_tag","embeddable":true,"href":"https:\/\/infovera.com.ar\/web\/wp-json\/wp\/v2\/tags?post=61511"}],"curies":[{"name":"wp","href":"https:\/\/api.w.org\/{rel}","templated":true}]}}