{"id":61506,"date":"2025-04-25T12:20:44","date_gmt":"2025-04-25T15:20:44","guid":{"rendered":"https:\/\/infovera.com.ar\/web\/?p=61506"},"modified":"2025-04-25T12:20:44","modified_gmt":"2025-04-25T15:20:44","slug":"clara-garcia-fue-reelecta-presidenta-de-la-camara-de-diputados-2","status":"publish","type":"post","link":"https:\/\/infovera.com.ar\/web\/2025\/04\/25\/clara-garcia-fue-reelecta-presidenta-de-la-camara-de-diputados-2\/","title":{"rendered":"Clara Garc\u00eda fue reelecta presidenta de la C\u00e1mara de Diputados"},"content":{"rendered":"<p>\u201cEste a\u00f1o que pas\u00f3 \u2013se\u00f1al\u00f3- hemos logrado aprobar la mayor cantidad de leyes en la historia de la C\u00e1mara, muchas de gran trascendencia, indispensables para nuestra provincia\u201d. Seguir\u00e1 acompa\u00f1ada por Corral y Martorano en las vicepresidencias 1\u00ba y 2\u00ba, respectivamente.<\/p>\n<p>La C\u00e1mara de Diputadas y Diputados realiz\u00f3 la Sesi\u00f3n Preparatoria en el marco de la cual Clara Garc\u00eda (Bloque Socialista &#8211; Frente Unidos) fue reelegida como presidenta del cuerpo de cara al inicio del 143\u00ba Per\u00edodo Ordinario, el pr\u00f3ximo 1\u00b0 de mayo.<\/p>\n<p>Tambi\u00e9n fueron reelectas las dem\u00e1s autoridades del cuerpo. As\u00ed la vicepresidencia 1\u00ba del cuerpo seguir\u00e1 siendo ejercida por Jos\u00e9 Corral (Bloque UCR &#8211; Frente Unidos) y la vicepresidencia 2\u00ba por Sonia Martorano (Bloque Hacemos Santa Fe &#8211; Juntos Avancemos).<\/p>\n<p>A propuesta de Rub\u00e9n Galassi, la Sesi\u00f3n Preparatoria fue presidida por Antonio Bonfatti por ser el decano del cuerpo. Luego Joaqu\u00edn Blanco fue el encargado de proponer los nombres para conducir la C\u00e1mara baja.<\/p>\n<p>Tras jurar y asumir nuevamente en el cargo, Garc\u00eda resalt\u00f3 el hecho de que \u201cla mayor\u00eda de los legisladores haya elegido a las mismas autoridades por tercera vez\u201d para conducir la C\u00e1mara baja. \u201cMe atrevo a hablar en nombre de Jos\u00e9 y Sonia en el agradecimiento a todo el cuerpo, con la convicci\u00f3n de haber puesto lo mejor de nosotros mismos. En ese camino nos comprometemos a continuar con m\u00e1s di\u00e1logo, m\u00e1s consenso y m\u00e1s apertura\u201d.<\/p>\n<p>\u201cEste a\u00f1o que pas\u00f3 \u2013se\u00f1al\u00f3- hemos logrado aprobar la mayor cantidad de leyes en la historia de la C\u00e1mara. No solo eso, sino que muchos proyectos aprobados han sido leyes de peso, de gran trascendencia, indispensables para nuestra provincia. El 75% de las leyes se aprob\u00f3 por unanimidad, y la mayor\u00eda por amplias votaciones\u201d, celebr\u00f3 la legisladora, aunque agreg\u00f3: \u201cSiempre se puede m\u00e1s y a eso nos comprometemos\u201d.<\/p>\n<p>En ese marco, agradeci\u00f3 el compromiso y entrega del personal de la C\u00e1mara baja.<\/p>\n<p>De cara a la futura reforma constitucional, Garc\u00eda felicit\u00f3 a las diputadas y diputados que han sido electos como convencionales y confi\u00f3 en que ser\u00e1 \u201cla \u00faltima vez que la Legislatura inicie un per\u00edodo ordinario de sesiones reci\u00e9n el 1\u00ba de mayo, dentro de muchos otros cambios que surgir\u00e1n de la Convenci\u00f3n Constituyente. Como legisladores estamos orgullosos de haber sido art\u00edfices de modificaciones como la eliminaci\u00f3n de los fueros, la inclusi\u00f3n de la ficha limpia, la transformaci\u00f3n de la justicia para hacerla m\u00e1s transparente y cercana\u201d, enumer\u00f3.<\/p>\n<p>\u201cSeguiremos trabajando por una Santa Fe que sea faro en la construcci\u00f3n de la Argentina que queremos\u201d, finaliz\u00f3.<\/p>\n","protected":false},"excerpt":{"rendered":"<p>\u201cEste a\u00f1o que pas\u00f3 \u2013se\u00f1al\u00f3- hemos logrado aprobar la mayor cantidad de leyes en la historia de la C\u00e1mara, muchas de gran trascendencia, indispensables para nuestra provincia\u201d. Seguir\u00e1 acompa\u00f1ada por Corral y Martorano en las vicepresidencias 1\u00ba y 2\u00ba, respectivamente. La C\u00e1mara de Diputadas y Diputados realiz\u00f3 la Sesi\u00f3n Preparatoria en el marco de la [&hellip;]<\/p>\n","protected":false},"author":3,"featured_media":61508,"comment_status":"closed","ping_status":"closed","sticky":false,"template":"","format":"standard","meta":{"_joinchat":[],"footnotes":""},"categories":[60],"tags":[],"class_list":{"0":"post-61506","1":"post","2":"type-post","3":"status-publish","4":"format-standard","5":"has-post-thumbnail","7":"category-provinciales"},"_links":{"self":[{"href":"https:\/\/infovera.com.ar\/web\/wp-json\/wp\/v2\/posts\/61506","targetHints":{"allow":["GET"]}}],"collection":[{"href":"https:\/\/infovera.com.ar\/web\/wp-json\/wp\/v2\/posts"}],"about":[{"href":"https:\/\/infovera.com.ar\/web\/wp-json\/wp\/v2\/types\/post"}],"author":[{"embeddable":true,"href":"https:\/\/infovera.com.ar\/web\/wp-json\/wp\/v2\/users\/3"}],"replies":[{"embeddable":true,"href":"https:\/\/infovera.com.ar\/web\/wp-json\/wp\/v2\/comments?post=61506"}],"version-history":[{"count":0,"href":"https:\/\/infovera.com.ar\/web\/wp-json\/wp\/v2\/posts\/61506\/revisions"}],"wp:featuredmedia":[{"embeddable":true,"href":"https:\/\/infovera.com.ar\/web\/wp-json\/wp\/v2\/media\/61508"}],"wp:attachment":[{"href":"https:\/\/infovera.com.ar\/web\/wp-json\/wp\/v2\/media?parent=61506"}],"wp:term":[{"taxonomy":"category","embeddable":true,"href":"https:\/\/infovera.com.ar\/web\/wp-json\/wp\/v2\/categories?post=61506"},{"taxonomy":"post_tag","embeddable":true,"href":"https:\/\/infovera.com.ar\/web\/wp-json\/wp\/v2\/tags?post=61506"}],"curies":[{"name":"wp","href":"https:\/\/api.w.org\/{rel}","templated":true}]}}