{"id":61498,"date":"2025-04-25T12:10:26","date_gmt":"2025-04-25T15:10:26","guid":{"rendered":"https:\/\/infovera.com.ar\/web\/?p=61498"},"modified":"2025-04-26T11:30:17","modified_gmt":"2025-04-26T14:30:17","slug":"reunion-por-seguridad-en-el-concejo-de-calchaqui","status":"publish","type":"post","link":"https:\/\/infovera.com.ar\/web\/2025\/04\/25\/reunion-por-seguridad-en-el-concejo-de-calchaqui\/","title":{"rendered":"Reuni\u00f3n por seguridad en el Concejo de Calchaqu\u00ed"},"content":{"rendered":"<p>Anoche, en el HCM, se realiz\u00f3 una reuni\u00f3n institucional para analizar el tema de la Seguridad en la ciudad de Calchaqu\u00ed.<\/p>\n<p>La misma fue convocada por el Concejo debido a las inquietudes presentadas por los vecinos sobre los hechos reiterados de inseguridad que afectan a la comunidad.<\/p>\n<p>Estuvieron presentes el fiscal regional 4ta Circunscripci\u00f3n. Dr. Rub\u00e9n Mart\u00ednez; el subsecretario de Persecuci\u00f3n Penal Dr. Rolando Grafascoli; el coordinador operativo de lMinisterio de Seguridad Lino Segretin; le jefe UR XIX director de Polic\u00eda Eduardo Arias; el subjefe UR XIX director de Polic\u00eda Dar\u00edo Lacuadra; el jfe Comisar\u00eda II Calchaqu\u00ed Subcomisario N\u00e9stor Casaf\u00fa; el secretario de Seguridad Municipal Luis Figueroa; y los concejales Tamara Aquino, Wilfredo Furrer, Juan Jos\u00e9 H\u00fcm\u00f6ller, Mirna Paul\u00f3n, Mart\u00edn Perell\u00f3 y Graciela Hetze.<\/p>\n<p>El intendente Cuello no particip\u00f3 de la reuni\u00f3n a pesar de estar convocado.<\/p>\n<p>En primer lugar, la titular del Concejo, Tamara Aquino, dio la bienvenida y agradeci\u00f3 la presencia de las autoridades.<\/p>\n<p>Luego, fueron tomando la palabra los ediles para brindar un diagn\u00f3stico de la ciudad, en el que acentuaron la preocupaci\u00f3n por los hechos de inseguridad y las problem\u00e1ticas transversales que afectan a los vecinos.<\/p>\n<p>El fiscal Mart\u00ednez explic\u00f3 el funcionamiento de la Fiscal\u00eda y las herramientas con las que cuenta para resolver los delitos.<\/p>\n<p>El Dr. Gafrascoli ahond\u00f3 en la importancia de hacer las denuncias y present\u00f3 el sistema de denuncia online. La misma se puede realizar de cualquier tel\u00e9fono y\/o computadora y con reserva de identidad, directamente a la Fiscal\u00eda.<\/p>\n<p>Segret\u00edn, referente del Ministerio de Seguridad en el norte de provincia, inform\u00f3 sobre los recursos humanos, materiales y de log\u00edstica que posee la fuerza policial. Adem\u00e1s, la puesta en funcionamiento del Comando Radioel\u00e9ctrico en Calchaqu\u00ed.<\/p>\n<p>El jefe de la URXIX comunic\u00f3 que trabajan en prevenci\u00f3n, identificaci\u00f3n de personas y de veh\u00edculos y control de ingreso y egreso a la ciudad.<\/p>\n<p>Mart\u00ednez dio directivas claras a la polic\u00eda y remarc\u00f3 la importancia de contar con las c\u00e1maras de seguridad municipal para prevenci\u00f3n y esclarecimiento de los hechos.<\/p>\n<p>&#8220;Desde el Concejo hemos brindado al intendente todas las herramientas (ordenanzas) para la compra de c\u00e1maras, iluminaci\u00f3n y centro de monitoreo&#8221;, destacaron los concejales.<\/p>\n<p>Por \u00faltimo, se acord\u00f3 hacer la presentaci\u00f3n p\u00fablica del sistema de denuncia online y seguir trabajando coordinadamente<\/p>\n<p>Todos coincidieron en que \u201cla seguridad la hacemos entre todos&#8221;, y que cada uno es responsable del \u00e1rea que le compete.<\/p>\n","protected":false},"excerpt":{"rendered":"<p>Anoche, en el HCM, se realiz\u00f3 una reuni\u00f3n institucional para analizar el tema de la Seguridad en la ciudad de Calchaqu\u00ed. La misma fue convocada por el Concejo debido a las inquietudes presentadas por los vecinos sobre los hechos reiterados de inseguridad que afectan a la comunidad. Estuvieron presentes el fiscal regional 4ta Circunscripci\u00f3n. Dr. [&hellip;]<\/p>\n","protected":false},"author":3,"featured_media":61499,"comment_status":"closed","ping_status":"closed","sticky":false,"template":"","format":"standard","meta":{"_joinchat":[],"footnotes":""},"categories":[52],"tags":[],"class_list":{"0":"post-61498","1":"post","2":"type-post","3":"status-publish","4":"format-standard","5":"has-post-thumbnail","7":"category-calchaqui"},"_links":{"self":[{"href":"https:\/\/infovera.com.ar\/web\/wp-json\/wp\/v2\/posts\/61498","targetHints":{"allow":["GET"]}}],"collection":[{"href":"https:\/\/infovera.com.ar\/web\/wp-json\/wp\/v2\/posts"}],"about":[{"href":"https:\/\/infovera.com.ar\/web\/wp-json\/wp\/v2\/types\/post"}],"author":[{"embeddable":true,"href":"https:\/\/infovera.com.ar\/web\/wp-json\/wp\/v2\/users\/3"}],"replies":[{"embeddable":true,"href":"https:\/\/infovera.com.ar\/web\/wp-json\/wp\/v2\/comments?post=61498"}],"version-history":[{"count":0,"href":"https:\/\/infovera.com.ar\/web\/wp-json\/wp\/v2\/posts\/61498\/revisions"}],"wp:featuredmedia":[{"embeddable":true,"href":"https:\/\/infovera.com.ar\/web\/wp-json\/wp\/v2\/media\/61499"}],"wp:attachment":[{"href":"https:\/\/infovera.com.ar\/web\/wp-json\/wp\/v2\/media?parent=61498"}],"wp:term":[{"taxonomy":"category","embeddable":true,"href":"https:\/\/infovera.com.ar\/web\/wp-json\/wp\/v2\/categories?post=61498"},{"taxonomy":"post_tag","embeddable":true,"href":"https:\/\/infovera.com.ar\/web\/wp-json\/wp\/v2\/tags?post=61498"}],"curies":[{"name":"wp","href":"https:\/\/api.w.org\/{rel}","templated":true}]}}