{"id":61412,"date":"2025-04-22T18:45:16","date_gmt":"2025-04-22T21:45:16","guid":{"rendered":"https:\/\/infovera.com.ar\/web\/?p=61412"},"modified":"2025-04-23T10:46:48","modified_gmt":"2025-04-23T13:46:48","slug":"el-concejo-convoco-a-una-reunion-por-seguridad-en-calchaqui","status":"publish","type":"post","link":"https:\/\/infovera.com.ar\/web\/2025\/04\/22\/el-concejo-convoco-a-una-reunion-por-seguridad-en-calchaqui\/","title":{"rendered":"El Concejo convoc\u00f3 a una reuni\u00f3n por seguridad en Calchaqu\u00ed"},"content":{"rendered":"<p>La presidente del Concejo Municipal de Calchaqu\u00ed, Tamara Aquino, curs\u00f3 invitaci\u00f3n a autoridades pol\u00edticas y policiales para participar de una reuni\u00f3n el d\u00eda jueves 24 de abril, a las 20:15, en la Casa del Pueblo, en Pueyrred\u00f3n 1017, sede del cuerpo.<\/p>\n<p>La misma tiene por objeto &#8220;transmitir y abordar&#8221; la preocupaci\u00f3n manifestada por vecinos de la localidad respecto a hechos de inseguridad que vienen sufriendo nuestra ciudad desde hace un tiempo, expresa en la nota la titular del Legislativo.<\/p>\n<p>Al c\u00f3nclave fueron invitados el intendente Rub\u00e9n Cuello; el secretario de Seguridad Municipal, Luis Figueroa; el jefe de la Unidad Regional XIX, Eduardo Arias; la responsable de la Comisar\u00eda de la Mujer, Mar\u00eda Esther Robles; y el fiscal Leandro Benegas.<\/p>\n<p>Aquino rese\u00f1\u00f3 que &#8220;el objetivo es evaluar la situaci\u00f3n actual de nuestra localidad y coordinar planes de acci\u00f3n tendientes a desarrollar una efectiva tarea de prevenci\u00f3n del delito y que podamos contar con datos y n\u00fameros concretos de la cantidad de casos delictivos que ocurren en nuestra localidad&#8221;.<\/p>\n","protected":false},"excerpt":{"rendered":"<p>La presidente del Concejo Municipal de Calchaqu\u00ed, Tamara Aquino, curs\u00f3 invitaci\u00f3n a autoridades pol\u00edticas y policiales para participar de una reuni\u00f3n el d\u00eda jueves 24 de abril, a las 20:15, en la Casa del Pueblo, en Pueyrred\u00f3n 1017, sede del cuerpo. La misma tiene por objeto &#8220;transmitir y abordar&#8221; la preocupaci\u00f3n manifestada por vecinos de [&hellip;]<\/p>\n","protected":false},"author":3,"featured_media":61413,"comment_status":"closed","ping_status":"closed","sticky":false,"template":"","format":"standard","meta":{"_joinchat":[],"footnotes":""},"categories":[52],"tags":[],"class_list":{"0":"post-61412","1":"post","2":"type-post","3":"status-publish","4":"format-standard","5":"has-post-thumbnail","7":"category-calchaqui"},"_links":{"self":[{"href":"https:\/\/infovera.com.ar\/web\/wp-json\/wp\/v2\/posts\/61412","targetHints":{"allow":["GET"]}}],"collection":[{"href":"https:\/\/infovera.com.ar\/web\/wp-json\/wp\/v2\/posts"}],"about":[{"href":"https:\/\/infovera.com.ar\/web\/wp-json\/wp\/v2\/types\/post"}],"author":[{"embeddable":true,"href":"https:\/\/infovera.com.ar\/web\/wp-json\/wp\/v2\/users\/3"}],"replies":[{"embeddable":true,"href":"https:\/\/infovera.com.ar\/web\/wp-json\/wp\/v2\/comments?post=61412"}],"version-history":[{"count":0,"href":"https:\/\/infovera.com.ar\/web\/wp-json\/wp\/v2\/posts\/61412\/revisions"}],"wp:featuredmedia":[{"embeddable":true,"href":"https:\/\/infovera.com.ar\/web\/wp-json\/wp\/v2\/media\/61413"}],"wp:attachment":[{"href":"https:\/\/infovera.com.ar\/web\/wp-json\/wp\/v2\/media?parent=61412"}],"wp:term":[{"taxonomy":"category","embeddable":true,"href":"https:\/\/infovera.com.ar\/web\/wp-json\/wp\/v2\/categories?post=61412"},{"taxonomy":"post_tag","embeddable":true,"href":"https:\/\/infovera.com.ar\/web\/wp-json\/wp\/v2\/tags?post=61412"}],"curies":[{"name":"wp","href":"https:\/\/api.w.org\/{rel}","templated":true}]}}