{"id":61406,"date":"2025-04-22T17:55:34","date_gmt":"2025-04-22T20:55:34","guid":{"rendered":"https:\/\/infovera.com.ar\/web\/?p=61406"},"modified":"2025-04-23T10:31:04","modified_gmt":"2025-04-23T13:31:04","slug":"un-proyecto-para-facilitar-el-acceso-a-la-educacion-superior-en-toda-santa-fe","status":"publish","type":"post","link":"https:\/\/infovera.com.ar\/web\/2025\/04\/22\/un-proyecto-para-facilitar-el-acceso-a-la-educacion-superior-en-toda-santa-fe\/","title":{"rendered":"Un proyecto para facilitar el acceso a la educaci\u00f3n superior en toda Santa Fe"},"content":{"rendered":"<p>\u201cEstudiar no puede depender de d\u00f3nde viv\u00eds\u201d.\u00a0El diputado provincial Sergio \u201cChiqui\u201d Rojas present\u00f3 un proyecto de ley para que los Institutos de Educaci\u00f3n Superior No Universitarios de Santa Fe puedan ofrecer formaci\u00f3n con formato h\u00edbrido, combinando clases presenciales y virtuales.<\/p>\n<p>\u201cHoy estudiar no puede depender de si pod\u00e9s mudarte o viajar todos los d\u00edas a una ciudad. La educaci\u00f3n h\u00edbrida es una forma de abrir puertas, de incluir a m\u00e1s personas y de adaptarnos a los tiempos que vivimos\u201d, expres\u00f3 Rojas.<\/p>\n<p>El objetivo es claro: ampliar el acceso a la educaci\u00f3n superior en toda la provincia, especialmente para quienes viven lejos de las ciudades o no pueden asistir todos los d\u00edas a clases presenciales por motivos econ\u00f3micos, laborales o familiares.<\/p>\n<p>Adem\u00e1s, Rojas subray\u00f3 que \u201cla combinaci\u00f3n de clases presenciales y virtuales no solo responde a las transformaciones culturales y tecnol\u00f3gicas que vivimos, sino que es una herramienta concreta para garantizar el derecho a estudiar\u201d. En ese sentido, destac\u00f3 experiencias que surgieron durante la pandemia y que hoy siguen demostrando su eficacia, como la del Instituto Superior Particular Incorporado N\u00b0 4007 Inmaculada Concepci\u00f3n de la ciudad de Vera.<\/p>\n","protected":false},"excerpt":{"rendered":"<p>\u201cEstudiar no puede depender de d\u00f3nde viv\u00eds\u201d.\u00a0El diputado provincial Sergio \u201cChiqui\u201d Rojas present\u00f3 un proyecto de ley para que los Institutos de Educaci\u00f3n Superior No Universitarios de Santa Fe puedan ofrecer formaci\u00f3n con formato h\u00edbrido, combinando clases presenciales y virtuales. \u201cHoy estudiar no puede depender de si pod\u00e9s mudarte o viajar todos los d\u00edas a [&hellip;]<\/p>\n","protected":false},"author":3,"featured_media":61407,"comment_status":"closed","ping_status":"closed","sticky":false,"template":"","format":"standard","meta":{"_joinchat":[],"footnotes":""},"categories":[39,53],"tags":[],"class_list":{"0":"post-61406","1":"post","2":"type-post","3":"status-publish","4":"format-standard","5":"has-post-thumbnail","7":"category-educacion","8":"category-vera"},"_links":{"self":[{"href":"https:\/\/infovera.com.ar\/web\/wp-json\/wp\/v2\/posts\/61406","targetHints":{"allow":["GET"]}}],"collection":[{"href":"https:\/\/infovera.com.ar\/web\/wp-json\/wp\/v2\/posts"}],"about":[{"href":"https:\/\/infovera.com.ar\/web\/wp-json\/wp\/v2\/types\/post"}],"author":[{"embeddable":true,"href":"https:\/\/infovera.com.ar\/web\/wp-json\/wp\/v2\/users\/3"}],"replies":[{"embeddable":true,"href":"https:\/\/infovera.com.ar\/web\/wp-json\/wp\/v2\/comments?post=61406"}],"version-history":[{"count":0,"href":"https:\/\/infovera.com.ar\/web\/wp-json\/wp\/v2\/posts\/61406\/revisions"}],"wp:featuredmedia":[{"embeddable":true,"href":"https:\/\/infovera.com.ar\/web\/wp-json\/wp\/v2\/media\/61407"}],"wp:attachment":[{"href":"https:\/\/infovera.com.ar\/web\/wp-json\/wp\/v2\/media?parent=61406"}],"wp:term":[{"taxonomy":"category","embeddable":true,"href":"https:\/\/infovera.com.ar\/web\/wp-json\/wp\/v2\/categories?post=61406"},{"taxonomy":"post_tag","embeddable":true,"href":"https:\/\/infovera.com.ar\/web\/wp-json\/wp\/v2\/tags?post=61406"}],"curies":[{"name":"wp","href":"https:\/\/api.w.org\/{rel}","templated":true}]}}