{"id":61380,"date":"2025-04-22T11:05:13","date_gmt":"2025-04-22T14:05:13","guid":{"rendered":"https:\/\/infovera.com.ar\/web\/?p=61380"},"modified":"2025-04-22T18:46:05","modified_gmt":"2025-04-22T21:46:05","slug":"por-el-momento-no-tienen-asidero-los-rumores-de-cambio-en-la-jefatura-de-la-policia","status":"publish","type":"post","link":"https:\/\/infovera.com.ar\/web\/2025\/04\/22\/por-el-momento-no-tienen-asidero-los-rumores-de-cambio-en-la-jefatura-de-la-policia\/","title":{"rendered":"Califican como una &#8220;fake news&#8221; la versi\u00f3n de cambios en la jefatura de la Polic\u00eda"},"content":{"rendered":"<p>En la noche del lunes circul\u00f3 fuertemente por WhatsApp una captura de pantalla con supuestos detalles de relevos en la m\u00e1xima jerarqu\u00eda de la fuerza de seguridad de la provincia.<\/p>\n<p>Sin logo ni membrete, pod\u00eda leerse un cronograma de una ceremonia prevista para el s\u00e1bado 26 de abril donde asumir\u00edan las nuevas autoridades policiales.<\/p>\n<p><strong>InfoVera<\/strong> consult\u00f3 a fuentes de la fuerza de la capital provincial, que desmintieron la especie.<\/p>\n<p>&#8220;Sabemos que est\u00e1 circulando por diferentes grupos de WhatsApp esa captura, pero no hay nada confirmado. Anoche nos enteramos pero no sabemos qui\u00e9n lo public\u00f3. Al menos en el Departamento, no tenemos informaci\u00f3n del Ministerio sobre eso. Y mucho menos con respecto a la organizaci\u00f3n de la ceremonia que seguramente a Ceremonial&#8221;, puso claro sobre oscuro un funcionario con llegada a las altas esferas policiales, acerca de lo que tiene toda la apariencia de ser na fake news.<\/p>\n<figure id=\"attachment_61385\" aria-describedby=\"caption-attachment-61385\" style=\"width: 885px\" class=\"wp-caption aligncenter\"><a href=\"https:\/\/infovera.com.ar\/web\/wp-content\/uploads\/2025\/04\/wha.jpg\"><img loading=\"lazy\" decoding=\"async\" class=\"size-full wp-image-61385\" src=\"https:\/\/infovera.com.ar\/web\/wp-content\/uploads\/2025\/04\/wha.jpg\" alt=\"\" width=\"885\" height=\"1387\" srcset=\"https:\/\/infovera.com.ar\/web\/wp-content\/uploads\/2025\/04\/wha.jpg 885w, https:\/\/infovera.com.ar\/web\/wp-content\/uploads\/2025\/04\/wha-696x1091.jpg 696w, https:\/\/infovera.com.ar\/web\/wp-content\/uploads\/2025\/04\/wha-268x420.jpg 268w\" sizes=\"auto, (max-width: 885px) 100vw, 885px\" \/><\/a><figcaption id=\"caption-attachment-61385\" class=\"wp-caption-text\">Captura<\/figcaption><\/figure>\n<p>&nbsp;<\/p>\n","protected":false},"excerpt":{"rendered":"<p>En la noche del lunes circul\u00f3 fuertemente por WhatsApp una captura de pantalla con supuestos detalles de relevos en la m\u00e1xima jerarqu\u00eda de la fuerza de seguridad de la provincia. Sin logo ni membrete, pod\u00eda leerse un cronograma de una ceremonia prevista para el s\u00e1bado 26 de abril donde asumir\u00edan las nuevas autoridades policiales. InfoVera [&hellip;]<\/p>\n","protected":false},"author":3,"featured_media":61381,"comment_status":"closed","ping_status":"closed","sticky":false,"template":"","format":"standard","meta":{"_joinchat":[],"footnotes":""},"categories":[60],"tags":[],"class_list":{"0":"post-61380","1":"post","2":"type-post","3":"status-publish","4":"format-standard","5":"has-post-thumbnail","7":"category-provinciales"},"_links":{"self":[{"href":"https:\/\/infovera.com.ar\/web\/wp-json\/wp\/v2\/posts\/61380","targetHints":{"allow":["GET"]}}],"collection":[{"href":"https:\/\/infovera.com.ar\/web\/wp-json\/wp\/v2\/posts"}],"about":[{"href":"https:\/\/infovera.com.ar\/web\/wp-json\/wp\/v2\/types\/post"}],"author":[{"embeddable":true,"href":"https:\/\/infovera.com.ar\/web\/wp-json\/wp\/v2\/users\/3"}],"replies":[{"embeddable":true,"href":"https:\/\/infovera.com.ar\/web\/wp-json\/wp\/v2\/comments?post=61380"}],"version-history":[{"count":0,"href":"https:\/\/infovera.com.ar\/web\/wp-json\/wp\/v2\/posts\/61380\/revisions"}],"wp:featuredmedia":[{"embeddable":true,"href":"https:\/\/infovera.com.ar\/web\/wp-json\/wp\/v2\/media\/61381"}],"wp:attachment":[{"href":"https:\/\/infovera.com.ar\/web\/wp-json\/wp\/v2\/media?parent=61380"}],"wp:term":[{"taxonomy":"category","embeddable":true,"href":"https:\/\/infovera.com.ar\/web\/wp-json\/wp\/v2\/categories?post=61380"},{"taxonomy":"post_tag","embeddable":true,"href":"https:\/\/infovera.com.ar\/web\/wp-json\/wp\/v2\/tags?post=61380"}],"curies":[{"name":"wp","href":"https:\/\/api.w.org\/{rel}","templated":true}]}}