{"id":61359,"date":"2025-04-21T18:16:56","date_gmt":"2025-04-21T21:16:56","guid":{"rendered":"https:\/\/infovera.com.ar\/web\/?p=61359"},"modified":"2025-04-22T17:33:25","modified_gmt":"2025-04-22T20:33:25","slug":"espin-la-vial-secuestro-un-arma-de-fuego-al-conductor-de-una-camioneta","status":"publish","type":"post","link":"https:\/\/infovera.com.ar\/web\/2025\/04\/21\/espin-la-vial-secuestro-un-arma-de-fuego-al-conductor-de-una-camioneta\/","title":{"rendered":"Esp\u00edn: la Vial secuestr\u00f3 un arma de fuego al conductor de una camioneta"},"content":{"rendered":"<p>En la ma\u00f1ana de ayer, efectivos de la Unidad Operativa Regional 1 (Reconquista) de la Direcci\u00f3n Gral. de Polic\u00eda de Seguridad Vial realizaban operativos de control vehicular y de personas en Ruta Nacional 11 KM 714 altura del paraje Esp\u00edn cuando detuvieron la circulaci\u00f3n de un hombre que se trasladaba en una camioneta.<\/p>\n<p>Seguidamente, los actuantes identificaron al sujeto y le solicitaron la documentaci\u00f3n correspondiente.<\/p>\n<p>En continuidad, realizaron una requisa del rodado donde secuestraron una escopeta y tras consultar al individuo no presentaba documentaci\u00f3n pertinente.<\/p>\n<p>Por lo cual, lo trasladaron a la Comisar\u00eda 1ra. de la UR XIX donde continuaron con las diligencias de rigor.<\/p>\n","protected":false},"excerpt":{"rendered":"<p>En la ma\u00f1ana de ayer, efectivos de la Unidad Operativa Regional 1 (Reconquista) de la Direcci\u00f3n Gral. de Polic\u00eda de Seguridad Vial realizaban operativos de control vehicular y de personas en Ruta Nacional 11 KM 714 altura del paraje Esp\u00edn cuando detuvieron la circulaci\u00f3n de un hombre que se trasladaba en una camioneta. Seguidamente, los [&hellip;]<\/p>\n","protected":false},"author":3,"featured_media":61360,"comment_status":"closed","ping_status":"closed","sticky":false,"template":"","format":"standard","meta":{"_joinchat":[],"footnotes":""},"categories":[30,53],"tags":[],"class_list":{"0":"post-61359","1":"post","2":"type-post","3":"status-publish","4":"format-standard","5":"has-post-thumbnail","7":"category-policiales","8":"category-vera"},"_links":{"self":[{"href":"https:\/\/infovera.com.ar\/web\/wp-json\/wp\/v2\/posts\/61359","targetHints":{"allow":["GET"]}}],"collection":[{"href":"https:\/\/infovera.com.ar\/web\/wp-json\/wp\/v2\/posts"}],"about":[{"href":"https:\/\/infovera.com.ar\/web\/wp-json\/wp\/v2\/types\/post"}],"author":[{"embeddable":true,"href":"https:\/\/infovera.com.ar\/web\/wp-json\/wp\/v2\/users\/3"}],"replies":[{"embeddable":true,"href":"https:\/\/infovera.com.ar\/web\/wp-json\/wp\/v2\/comments?post=61359"}],"version-history":[{"count":0,"href":"https:\/\/infovera.com.ar\/web\/wp-json\/wp\/v2\/posts\/61359\/revisions"}],"wp:featuredmedia":[{"embeddable":true,"href":"https:\/\/infovera.com.ar\/web\/wp-json\/wp\/v2\/media\/61360"}],"wp:attachment":[{"href":"https:\/\/infovera.com.ar\/web\/wp-json\/wp\/v2\/media?parent=61359"}],"wp:term":[{"taxonomy":"category","embeddable":true,"href":"https:\/\/infovera.com.ar\/web\/wp-json\/wp\/v2\/categories?post=61359"},{"taxonomy":"post_tag","embeddable":true,"href":"https:\/\/infovera.com.ar\/web\/wp-json\/wp\/v2\/tags?post=61359"}],"curies":[{"name":"wp","href":"https:\/\/api.w.org\/{rel}","templated":true}]}}