{"id":61342,"date":"2025-04-21T10:40:51","date_gmt":"2025-04-21T13:40:51","guid":{"rendered":"https:\/\/infovera.com.ar\/web\/?p=61342"},"modified":"2025-04-21T10:40:51","modified_gmt":"2025-04-21T13:40:51","slug":"dos-detenidos-por-abigeato-en-fortin-olmos","status":"publish","type":"post","link":"https:\/\/infovera.com.ar\/web\/2025\/04\/21\/dos-detenidos-por-abigeato-en-fortin-olmos\/","title":{"rendered":"Dos detenidos por abigeato en Fort\u00edn Olmos"},"content":{"rendered":"<p>Los Pumas de Fort\u00edn Olmos, esclarecieron un hecho de abigeato de ganado menor. Identificaron a 2 sujetos, a quienes imputaron por el il\u00edcito.<\/p>\n<p>A ra\u00edz de una denuncia, por parte de un hombre, mayor de edad, quien manifest\u00f3 que personas ignoradas le hab\u00edan sustra\u00eddo un animal caprino, desde su propiedad ubicada en zona rural de Fort\u00edn Chilcas.<\/p>\n<p>De diligencias practicadas se hicieron presentes en dos domicilios particulares, mediante Acta de Requisa Voluntaria y previa autorizaci\u00f3n de los propietarios, ingresaron a las fincas, donde constataron en el interior del autom\u00f3vil una camiseta de color blanco y negra, un pantal\u00f3n de jeans color azul ambos con manchas de sangre, un transportador escolar de madera con rastros de sangre.<\/p>\n<p>Asimismo, observaron pelos de color blanco y bosta de animal caprino y restos de sangre, como as\u00ed tambi\u00e9n procedieron al secuestro preventivo de un autom\u00f3vil Fiat Cronos, el cual fue utilizado para cometer el il\u00edcito; aprehendieron a los autores del hecho y los trasladaron hasta la sede policial, a fin de regularizar su situaci\u00f3n procesal y donde el Fiscal ordeno que se los notifique por abigeato de ganado menor.<\/p>\n","protected":false},"excerpt":{"rendered":"<p>Los Pumas de Fort\u00edn Olmos, esclarecieron un hecho de abigeato de ganado menor. Identificaron a 2 sujetos, a quienes imputaron por el il\u00edcito. A ra\u00edz de una denuncia, por parte de un hombre, mayor de edad, quien manifest\u00f3 que personas ignoradas le hab\u00edan sustra\u00eddo un animal caprino, desde su propiedad ubicada en zona rural de [&hellip;]<\/p>\n","protected":false},"author":3,"featured_media":61343,"comment_status":"closed","ping_status":"closed","sticky":false,"template":"","format":"standard","meta":{"_joinchat":[],"footnotes":""},"categories":[51,30],"tags":[],"class_list":{"0":"post-61342","1":"post","2":"type-post","3":"status-publish","4":"format-standard","5":"has-post-thumbnail","7":"category-locales","8":"category-policiales"},"_links":{"self":[{"href":"https:\/\/infovera.com.ar\/web\/wp-json\/wp\/v2\/posts\/61342","targetHints":{"allow":["GET"]}}],"collection":[{"href":"https:\/\/infovera.com.ar\/web\/wp-json\/wp\/v2\/posts"}],"about":[{"href":"https:\/\/infovera.com.ar\/web\/wp-json\/wp\/v2\/types\/post"}],"author":[{"embeddable":true,"href":"https:\/\/infovera.com.ar\/web\/wp-json\/wp\/v2\/users\/3"}],"replies":[{"embeddable":true,"href":"https:\/\/infovera.com.ar\/web\/wp-json\/wp\/v2\/comments?post=61342"}],"version-history":[{"count":0,"href":"https:\/\/infovera.com.ar\/web\/wp-json\/wp\/v2\/posts\/61342\/revisions"}],"wp:featuredmedia":[{"embeddable":true,"href":"https:\/\/infovera.com.ar\/web\/wp-json\/wp\/v2\/media\/61343"}],"wp:attachment":[{"href":"https:\/\/infovera.com.ar\/web\/wp-json\/wp\/v2\/media?parent=61342"}],"wp:term":[{"taxonomy":"category","embeddable":true,"href":"https:\/\/infovera.com.ar\/web\/wp-json\/wp\/v2\/categories?post=61342"},{"taxonomy":"post_tag","embeddable":true,"href":"https:\/\/infovera.com.ar\/web\/wp-json\/wp\/v2\/tags?post=61342"}],"curies":[{"name":"wp","href":"https:\/\/api.w.org\/{rel}","templated":true}]}}