{"id":61331,"date":"2025-04-21T10:26:01","date_gmt":"2025-04-21T13:26:01","guid":{"rendered":"https:\/\/infovera.com.ar\/web\/?p=61331"},"modified":"2025-04-21T18:17:29","modified_gmt":"2025-04-21T21:17:29","slug":"sosa-el-progreso-de-los-pueblos-pasa-por-la-educacion-de-la-gente","status":"publish","type":"post","link":"https:\/\/infovera.com.ar\/web\/2025\/04\/21\/sosa-el-progreso-de-los-pueblos-pasa-por-la-educacion-de-la-gente\/","title":{"rendered":"Sosa: &#8220;El progreso de los pueblos pasa por la educaci\u00f3n de la gente&#8221;"},"content":{"rendered":"<p style=\"font-weight: 400;\">Lo afirm\u00f3 el senador Osvaldo Sosa, en v\u00edsperas del 6to. Congreso de Educaci\u00f3n del Departamento Vera que lo cuenta como su principal impulsor y se desarrollar\u00e1 el viernes 25 de abril en el Colegio Superior N\u00ba42 \u201cDr. Agust\u00edn Luis Rossi\u201d.<\/p>\n<p style=\"font-weight: 400;\">El evento, desde su inicio en 2018, cuenta con su auspicio y promoci\u00f3n dado que a lo largo de su gesti\u00f3n el tema educativo ha sido una constante.<\/p>\n<p style=\"font-weight: 400;\">Las visitas a las escuelas de todo el departamento han sido siempre parte de su agenda y estos congresos se han convertido \u201cen un foro m\u00e1s que interesante tanto para escuchar a quienes conocen con profundidad los temas como para debatir con los docentes en ejercicio y como as\u00ed tambi\u00e9n para establecer una plataforma s\u00f3lida para aquellos que se disponen a ingresar a la profesi\u00f3n\u201d.<\/p>\n<p style=\"font-weight: 400;\">El legislador por Vera tambi\u00e9n destac\u00f3 la calidad de los expositores de primer nivel incluido en el programa de actividades, como Adriana Monteverde, Sandra In\u00e9s Equis, Marta Zamero, Hugo Goicoechea, Estrella Matt\u00eda y Ramiro Lezcano.<\/p>\n<p style=\"font-weight: 400;\">En cuanto a la tem\u00e1tica, dijo que el equipo t\u00e9cnico del Colegio Superior, dirigido por el profesor Walter Pigh\u00edn, la fundament\u00f3 en base a la consigna \u201cOficio docente: Saberes situados y calidad educativa\u201d, por lo que los aspectos a tratar pasan por \u201cla formaci\u00f3n profesional, la alfabetizaci\u00f3n en el actual contexto social, los lenguajes art\u00edsticos en educaci\u00f3n, su interrelaci\u00f3n con los cambios sociales, pol\u00edticos y culturales, la construcci\u00f3n de la pasi\u00f3n por ense\u00f1ar en la formaci\u00f3n docente, escribir la historia m\u00e1s all\u00e1 de los textos informativos, las luchas docentes con perspectivas de g\u00e9nero y diversidad, entre otros.<\/p>\n<p style=\"font-weight: 400;\">Finalmente, el senador Sosa destac\u00f3 la vigencia de un evento de esta magnitud y ratific\u00f3 su aspiraci\u00f3n de que \u201csu organizaci\u00f3n siga siendo una cuesti\u00f3n de estado que supere cualquier gesti\u00f3n\u201d.<\/p>\n<p>Letyana Press<\/p>\n","protected":false},"excerpt":{"rendered":"<p>Lo afirm\u00f3 el senador Osvaldo Sosa, en v\u00edsperas del 6to. Congreso de Educaci\u00f3n del Departamento Vera que lo cuenta como su principal impulsor y se desarrollar\u00e1 el viernes 25 de abril en el Colegio Superior N\u00ba42 \u201cDr. Agust\u00edn Luis Rossi\u201d. El evento, desde su inicio en 2018, cuenta con su auspicio y promoci\u00f3n dado que [&hellip;]<\/p>\n","protected":false},"author":3,"featured_media":61332,"comment_status":"closed","ping_status":"closed","sticky":false,"template":"","format":"standard","meta":{"_joinchat":[],"footnotes":""},"categories":[53],"tags":[],"class_list":{"0":"post-61331","1":"post","2":"type-post","3":"status-publish","4":"format-standard","5":"has-post-thumbnail","7":"category-vera"},"_links":{"self":[{"href":"https:\/\/infovera.com.ar\/web\/wp-json\/wp\/v2\/posts\/61331","targetHints":{"allow":["GET"]}}],"collection":[{"href":"https:\/\/infovera.com.ar\/web\/wp-json\/wp\/v2\/posts"}],"about":[{"href":"https:\/\/infovera.com.ar\/web\/wp-json\/wp\/v2\/types\/post"}],"author":[{"embeddable":true,"href":"https:\/\/infovera.com.ar\/web\/wp-json\/wp\/v2\/users\/3"}],"replies":[{"embeddable":true,"href":"https:\/\/infovera.com.ar\/web\/wp-json\/wp\/v2\/comments?post=61331"}],"version-history":[{"count":0,"href":"https:\/\/infovera.com.ar\/web\/wp-json\/wp\/v2\/posts\/61331\/revisions"}],"wp:featuredmedia":[{"embeddable":true,"href":"https:\/\/infovera.com.ar\/web\/wp-json\/wp\/v2\/media\/61332"}],"wp:attachment":[{"href":"https:\/\/infovera.com.ar\/web\/wp-json\/wp\/v2\/media?parent=61331"}],"wp:term":[{"taxonomy":"category","embeddable":true,"href":"https:\/\/infovera.com.ar\/web\/wp-json\/wp\/v2\/categories?post=61331"},{"taxonomy":"post_tag","embeddable":true,"href":"https:\/\/infovera.com.ar\/web\/wp-json\/wp\/v2\/tags?post=61331"}],"curies":[{"name":"wp","href":"https:\/\/api.w.org\/{rel}","templated":true}]}}