{"id":61272,"date":"2025-04-17T20:16:01","date_gmt":"2025-04-17T23:16:01","guid":{"rendered":"https:\/\/infovera.com.ar\/web\/?p=61272"},"modified":"2025-04-17T20:16:01","modified_gmt":"2025-04-17T23:16:01","slug":"volco-un-camion-con-lacteos-y-corto-la-ruta-11","status":"publish","type":"post","link":"https:\/\/infovera.com.ar\/web\/2025\/04\/17\/volco-un-camion-con-lacteos-y-corto-la-ruta-11\/","title":{"rendered":"Volco un cami\u00f3n con l\u00e1cteos y cort\u00f3 la Ruta 11"},"content":{"rendered":"<p>Funcionarios policiales de la Secci\u00f3n Comando Radioel\u00e9ctrico, en fecha 17\/04\/2025 siendo las 12;45 horas se comisionan en Ruta Nacional Nro. 11 km 733, momentos antes un cami\u00f3n Ford F-100, cargado con productos l\u00e1cteos y embutidos conducido por un joven de 27 a\u00f1os domiciliado en la ciudad de Avellaneda (Dpto. General Obligado) por causas que se tratan de establecer, perdi\u00f3 el control del veh\u00edculo ocasionando el vuelco del mismo, obstruyendo la totalidad de la ruta.<\/p>\n<p>Trasladado el conductor al hospital de la ciudad de Vera para su atenci\u00f3n medica. Colaboraron en el lugar del siniestro personal de la Direcci\u00f3n de Seguridad Vial.<\/p>\n<p>Posteriormente la ruta fue liberada para su normal transito.<\/p>\n<p>Interviene UFI N\u00ba 4- Vera.<\/p>\n<p>&nbsp;<\/p>\n","protected":false},"excerpt":{"rendered":"<p>Funcionarios policiales de la Secci\u00f3n Comando Radioel\u00e9ctrico, en fecha 17\/04\/2025 siendo las 12;45 horas se comisionan en Ruta Nacional Nro. 11 km 733, momentos antes un cami\u00f3n Ford F-100, cargado con productos l\u00e1cteos y embutidos conducido por un joven de 27 a\u00f1os domiciliado en la ciudad de Avellaneda (Dpto. General Obligado) por causas que se [&hellip;]<\/p>\n","protected":false},"author":3,"featured_media":61273,"comment_status":"closed","ping_status":"closed","sticky":false,"template":"","format":"standard","meta":{"_joinchat":[],"footnotes":""},"categories":[53],"tags":[],"class_list":{"0":"post-61272","1":"post","2":"type-post","3":"status-publish","4":"format-standard","5":"has-post-thumbnail","7":"category-vera"},"_links":{"self":[{"href":"https:\/\/infovera.com.ar\/web\/wp-json\/wp\/v2\/posts\/61272","targetHints":{"allow":["GET"]}}],"collection":[{"href":"https:\/\/infovera.com.ar\/web\/wp-json\/wp\/v2\/posts"}],"about":[{"href":"https:\/\/infovera.com.ar\/web\/wp-json\/wp\/v2\/types\/post"}],"author":[{"embeddable":true,"href":"https:\/\/infovera.com.ar\/web\/wp-json\/wp\/v2\/users\/3"}],"replies":[{"embeddable":true,"href":"https:\/\/infovera.com.ar\/web\/wp-json\/wp\/v2\/comments?post=61272"}],"version-history":[{"count":0,"href":"https:\/\/infovera.com.ar\/web\/wp-json\/wp\/v2\/posts\/61272\/revisions"}],"wp:featuredmedia":[{"embeddable":true,"href":"https:\/\/infovera.com.ar\/web\/wp-json\/wp\/v2\/media\/61273"}],"wp:attachment":[{"href":"https:\/\/infovera.com.ar\/web\/wp-json\/wp\/v2\/media?parent=61272"}],"wp:term":[{"taxonomy":"category","embeddable":true,"href":"https:\/\/infovera.com.ar\/web\/wp-json\/wp\/v2\/categories?post=61272"},{"taxonomy":"post_tag","embeddable":true,"href":"https:\/\/infovera.com.ar\/web\/wp-json\/wp\/v2\/tags?post=61272"}],"curies":[{"name":"wp","href":"https:\/\/api.w.org\/{rel}","templated":true}]}}