{"id":61252,"date":"2025-04-16T15:59:15","date_gmt":"2025-04-16T18:59:15","guid":{"rendered":"https:\/\/infovera.com.ar\/web\/?p=61252"},"modified":"2025-04-17T12:43:15","modified_gmt":"2025-04-17T15:43:15","slug":"amra-resolvio-restringir-las-guardias-tras-la-agresion-a-dos-profesionales-medicos","status":"publish","type":"post","link":"https:\/\/infovera.com.ar\/web\/2025\/04\/16\/amra-resolvio-restringir-las-guardias-tras-la-agresion-a-dos-profesionales-medicos\/","title":{"rendered":"AMRA resolvi\u00f3 restringir las guardias tras la agresi\u00f3n a dos profesionales m\u00e9dicos"},"content":{"rendered":"<p>Mediante una nota dirigida al Ministerio de Salud, la Asociaci\u00f3n M\u00e9dicoa de la Rep\u00fablica Argentina (AMRA) comunic\u00f3 la decisi\u00f3n de restringir las guradias m\u00e9dicas y brindar solo atenci\u00f3n de emergencia en efectores p\u00fablicos tras agresiones a m\u00e9dicos de los hospitales Cullen, de Santa Fe, y de Villa Ocampo.<\/p>\n<p>El gremio repudi\u00f3 los hechos y exhort\u00f3 al gobierno provivnial a garantizar la seguridad de los profesionales de la salud que d\u00eda a d\u00eda est\u00e1n expuestos a situaciones de violencia en el ejercicio de su trabajo.<\/p>\n<p>AMRA REPUDIA UN NUEVO HECHO DE VIOLENCIA OCURRIDO EN UN EFECTOR P\u00daBLICO<\/p>\n<p>El Sindicato de M\u00e9dicos de la Rep\u00fablica Argentina (AMRA) Seccionales Norte, Centro y Sur de Santa Fe rechaza en\u00e9rgicamente un nuevo hecho de violencia ocurrido en un efector p\u00fablico y expresa su solidaridad contra la profesional agredida.<\/p>\n<p>El episodio se produjo en el Samco de la localidad de Villa Ocampo cuando familiares de un beb\u00e9 fallecido en la guardia luego de arduas maniobras de reanimaci\u00f3n agredieron f\u00edsica y verbalmente a la m\u00e9dica de guardia y su compa\u00f1era culpabiliz\u00e1ndolas de la muerte del menor.<\/p>\n<p>Ante esa situaci\u00f3n lamentable la profesional, acompa\u00f1ada por el asesor legal del Sindicato, radic\u00f3 la denuncia penal correspondiente.<\/p>\n<p>C\u00f3mo Gremio nos solidarizamos con las colegas y una vez m\u00e1s manifestamos la preocupaci\u00f3n al respecto exigi\u00e9ndole a las autoridades que arbitren todos los mecanismos posibles para evitar este tipo de episodios.<\/p>\n<p>Es inadmisible que una profesional, que lo \u00fanico que hizo fue redoblar sus esfuerzos durante 60 minutos con maniobras de reanimaci\u00f3n (v\u00eda, ox\u00edgeno, masajes card\u00edacos, etc) para salvarle la vida al beb\u00e9 tenga que atravesar momentos de tanta angustia y tensi\u00f3n, incluso, mientras llevaba adelante las maniobras propiamente dichas sin que ning\u00fan agente policial o de seguridad corra del lugar a los allegados del beb\u00e9.<\/p>\n<p>Entendemos el dolor de los familiares por la p\u00e9rdida de un ser querido pero nada justifica la agresi\u00f3n ni la violencia contra nadie y, mucho menos, contra una m\u00e9dica de guardia que solo cumpli\u00f3 su tarea haciendo todo lo que estaba a su alcance para estabilizar al beb\u00e9.<\/p>\n<p>Anhelamos, de una buena vez por todas, que estos hechos no se repitan y que los compa\u00f1eros y compa\u00f1eras que pasan horas y horas en los Hospitales y Centros de Salud trabajando, muchas veces en condiciones precarias, puedan desarrollar sus tareas con la mayor tranquilidad posible no teniendo que atravesar momentos como \u00e9stos.<\/p>\n<p>&#8221; *DONDE HAYA UN PROFESIONAL DE LA SALUD TRABAJANDO, ESTAR\u00c1 EL SINDICATO&#8221;*<\/p>\n","protected":false},"excerpt":{"rendered":"<p>Mediante una nota dirigida al Ministerio de Salud, la Asociaci\u00f3n M\u00e9dicoa de la Rep\u00fablica Argentina (AMRA) comunic\u00f3 la decisi\u00f3n de restringir las guradias m\u00e9dicas y brindar solo atenci\u00f3n de emergencia en efectores p\u00fablicos tras agresiones a m\u00e9dicos de los hospitales Cullen, de Santa Fe, y de Villa Ocampo. El gremio repudi\u00f3 los hechos y exhort\u00f3 [&hellip;]<\/p>\n","protected":false},"author":3,"featured_media":61253,"comment_status":"closed","ping_status":"closed","sticky":false,"template":"","format":"standard","meta":{"_joinchat":[],"footnotes":""},"categories":[51,37],"tags":[],"class_list":{"0":"post-61252","1":"post","2":"type-post","3":"status-publish","4":"format-standard","5":"has-post-thumbnail","7":"category-locales","8":"category-salud"},"_links":{"self":[{"href":"https:\/\/infovera.com.ar\/web\/wp-json\/wp\/v2\/posts\/61252","targetHints":{"allow":["GET"]}}],"collection":[{"href":"https:\/\/infovera.com.ar\/web\/wp-json\/wp\/v2\/posts"}],"about":[{"href":"https:\/\/infovera.com.ar\/web\/wp-json\/wp\/v2\/types\/post"}],"author":[{"embeddable":true,"href":"https:\/\/infovera.com.ar\/web\/wp-json\/wp\/v2\/users\/3"}],"replies":[{"embeddable":true,"href":"https:\/\/infovera.com.ar\/web\/wp-json\/wp\/v2\/comments?post=61252"}],"version-history":[{"count":0,"href":"https:\/\/infovera.com.ar\/web\/wp-json\/wp\/v2\/posts\/61252\/revisions"}],"wp:featuredmedia":[{"embeddable":true,"href":"https:\/\/infovera.com.ar\/web\/wp-json\/wp\/v2\/media\/61253"}],"wp:attachment":[{"href":"https:\/\/infovera.com.ar\/web\/wp-json\/wp\/v2\/media?parent=61252"}],"wp:term":[{"taxonomy":"category","embeddable":true,"href":"https:\/\/infovera.com.ar\/web\/wp-json\/wp\/v2\/categories?post=61252"},{"taxonomy":"post_tag","embeddable":true,"href":"https:\/\/infovera.com.ar\/web\/wp-json\/wp\/v2\/tags?post=61252"}],"curies":[{"name":"wp","href":"https:\/\/api.w.org\/{rel}","templated":true}]}}