{"id":61248,"date":"2025-04-16T13:16:55","date_gmt":"2025-04-16T16:16:55","guid":{"rendered":"https:\/\/infovera.com.ar\/web\/?p=61248"},"modified":"2025-04-16T13:16:55","modified_gmt":"2025-04-16T16:16:55","slug":"calchaqui-charla-sobre-el-desarrollo-del-habla-y-el-lenguaje-en-los-ninos","status":"publish","type":"post","link":"https:\/\/infovera.com.ar\/web\/2025\/04\/16\/calchaqui-charla-sobre-el-desarrollo-del-habla-y-el-lenguaje-en-los-ninos\/","title":{"rendered":"Calchaqu\u00ed: charla sobre el desarrollo del habla y el lenguaje en los ni\u00f1os"},"content":{"rendered":"<p>A cargo de la Fundaci\u00f3n MR se realiz\u00f3 la charla \u201cLo esperado en el desarrollo del habla y el lenguaje en los ni\u00f1os. Estrategias para la estimulaci\u00f3n\u201d destinada a familias y docentes de Nivel Inicial.<\/p>\n<p>La Fundaci\u00f3n MR agradeci\u00f3 al Jard\u00edn N\u00ba 360 y al Jard\u00edn N\u00ba 8060 &#8220;por recibirnos y por estar en cada detalle de la preparaci\u00f3n de esta charla. \u00a1Celebramos estos espacios interinstitucionales que nos sirven a todos! Gracias a las familias que asistieron y se interesaron. Y gracias @keila_pereson por tu tiempo y dedicaci\u00f3n&#8221;.<\/p>\n<p><a href=\"https:\/\/infovera.com.ar\/web\/wp-content\/uploads\/2025\/04\/ch1.jpg\"><img loading=\"lazy\" decoding=\"async\" class=\"alignleft size-full wp-image-61249\" src=\"https:\/\/infovera.com.ar\/web\/wp-content\/uploads\/2025\/04\/ch1.jpg\" alt=\"\" width=\"1080\" height=\"1080\" srcset=\"https:\/\/infovera.com.ar\/web\/wp-content\/uploads\/2025\/04\/ch1.jpg 1080w, https:\/\/infovera.com.ar\/web\/wp-content\/uploads\/2025\/04\/ch1-696x696.jpg 696w, https:\/\/infovera.com.ar\/web\/wp-content\/uploads\/2025\/04\/ch1-1068x1068.jpg 1068w, https:\/\/infovera.com.ar\/web\/wp-content\/uploads\/2025\/04\/ch1-420x420.jpg 420w\" sizes=\"auto, (max-width: 1080px) 100vw, 1080px\" \/><\/a><\/p>\n","protected":false},"excerpt":{"rendered":"<p>A cargo de la Fundaci\u00f3n MR se realiz\u00f3 la charla \u201cLo esperado en el desarrollo del habla y el lenguaje en los ni\u00f1os. Estrategias para la estimulaci\u00f3n\u201d destinada a familias y docentes de Nivel Inicial. La Fundaci\u00f3n MR agradeci\u00f3 al Jard\u00edn N\u00ba 360 y al Jard\u00edn N\u00ba 8060 &#8220;por recibirnos y por estar en cada [&hellip;]<\/p>\n","protected":false},"author":3,"featured_media":61250,"comment_status":"closed","ping_status":"closed","sticky":false,"template":"","format":"standard","meta":{"_joinchat":[],"footnotes":""},"categories":[52,37],"tags":[],"class_list":{"0":"post-61248","1":"post","2":"type-post","3":"status-publish","4":"format-standard","5":"has-post-thumbnail","7":"category-calchaqui","8":"category-salud"},"_links":{"self":[{"href":"https:\/\/infovera.com.ar\/web\/wp-json\/wp\/v2\/posts\/61248","targetHints":{"allow":["GET"]}}],"collection":[{"href":"https:\/\/infovera.com.ar\/web\/wp-json\/wp\/v2\/posts"}],"about":[{"href":"https:\/\/infovera.com.ar\/web\/wp-json\/wp\/v2\/types\/post"}],"author":[{"embeddable":true,"href":"https:\/\/infovera.com.ar\/web\/wp-json\/wp\/v2\/users\/3"}],"replies":[{"embeddable":true,"href":"https:\/\/infovera.com.ar\/web\/wp-json\/wp\/v2\/comments?post=61248"}],"version-history":[{"count":0,"href":"https:\/\/infovera.com.ar\/web\/wp-json\/wp\/v2\/posts\/61248\/revisions"}],"wp:featuredmedia":[{"embeddable":true,"href":"https:\/\/infovera.com.ar\/web\/wp-json\/wp\/v2\/media\/61250"}],"wp:attachment":[{"href":"https:\/\/infovera.com.ar\/web\/wp-json\/wp\/v2\/media?parent=61248"}],"wp:term":[{"taxonomy":"category","embeddable":true,"href":"https:\/\/infovera.com.ar\/web\/wp-json\/wp\/v2\/categories?post=61248"},{"taxonomy":"post_tag","embeddable":true,"href":"https:\/\/infovera.com.ar\/web\/wp-json\/wp\/v2\/tags?post=61248"}],"curies":[{"name":"wp","href":"https:\/\/api.w.org\/{rel}","templated":true}]}}