{"id":61230,"date":"2025-04-16T12:44:52","date_gmt":"2025-04-16T15:44:52","guid":{"rendered":"https:\/\/infovera.com.ar\/web\/?p=61230"},"modified":"2025-04-16T16:03:55","modified_gmt":"2025-04-16T19:03:55","slug":"jornada-de-capacitacion-en-actualizacion-legal-para-personal-de-la-ur-xix","status":"publish","type":"post","link":"https:\/\/infovera.com.ar\/web\/2025\/04\/16\/jornada-de-capacitacion-en-actualizacion-legal-para-personal-de-la-ur-xix\/","title":{"rendered":"Jornada de capacitaci\u00f3n en actualizaci\u00f3n legal para personal de la UR XIX"},"content":{"rendered":"<p>En el d\u00eda de la fecha se llev\u00f3 a cabo en las instalaciones del Club Policial de Vera una \u201cJornada de Capacitaci\u00f3n en Actualizaci\u00f3n Legal\u201d, destinada al personal que cumple funciones en la jefatura departamental; siendo premisa la constante preparaci\u00f3n en diferentes temas inherentes a los funcionarios policiales, con la coordinaci\u00f3n del la Subsecretaria de Formaci\u00f3n y Carrera Policial del Ministerio de Justica y Seguridad del Gobierno de la Provincia de Santa Fe.<\/p>\n<p>En esta oportunidad, dictada por los abogados Bustos Alejandro y L\u00f3pez L\u00f3pez Cristian (Asesor de la DGSR). Siendo el director del curso, el jefe URXIX Lic. Eduardo Javier Arias; jefe del curso comisario supervisor Cesar Sinchi y la encargada del \u00e1rea de capacitaci\u00f3n URXIX subinspector Marisel Fleita.<\/p>\n","protected":false},"excerpt":{"rendered":"<p>En el d\u00eda de la fecha se llev\u00f3 a cabo en las instalaciones del Club Policial de Vera una \u201cJornada de Capacitaci\u00f3n en Actualizaci\u00f3n Legal\u201d, destinada al personal que cumple funciones en la jefatura departamental; siendo premisa la constante preparaci\u00f3n en diferentes temas inherentes a los funcionarios policiales, con la coordinaci\u00f3n del la Subsecretaria de [&hellip;]<\/p>\n","protected":false},"author":3,"featured_media":61231,"comment_status":"closed","ping_status":"closed","sticky":false,"template":"","format":"standard","meta":{"_joinchat":[],"footnotes":""},"categories":[53],"tags":[],"class_list":{"0":"post-61230","1":"post","2":"type-post","3":"status-publish","4":"format-standard","5":"has-post-thumbnail","7":"category-vera"},"_links":{"self":[{"href":"https:\/\/infovera.com.ar\/web\/wp-json\/wp\/v2\/posts\/61230","targetHints":{"allow":["GET"]}}],"collection":[{"href":"https:\/\/infovera.com.ar\/web\/wp-json\/wp\/v2\/posts"}],"about":[{"href":"https:\/\/infovera.com.ar\/web\/wp-json\/wp\/v2\/types\/post"}],"author":[{"embeddable":true,"href":"https:\/\/infovera.com.ar\/web\/wp-json\/wp\/v2\/users\/3"}],"replies":[{"embeddable":true,"href":"https:\/\/infovera.com.ar\/web\/wp-json\/wp\/v2\/comments?post=61230"}],"version-history":[{"count":0,"href":"https:\/\/infovera.com.ar\/web\/wp-json\/wp\/v2\/posts\/61230\/revisions"}],"wp:featuredmedia":[{"embeddable":true,"href":"https:\/\/infovera.com.ar\/web\/wp-json\/wp\/v2\/media\/61231"}],"wp:attachment":[{"href":"https:\/\/infovera.com.ar\/web\/wp-json\/wp\/v2\/media?parent=61230"}],"wp:term":[{"taxonomy":"category","embeddable":true,"href":"https:\/\/infovera.com.ar\/web\/wp-json\/wp\/v2\/categories?post=61230"},{"taxonomy":"post_tag","embeddable":true,"href":"https:\/\/infovera.com.ar\/web\/wp-json\/wp\/v2\/tags?post=61230"}],"curies":[{"name":"wp","href":"https:\/\/api.w.org\/{rel}","templated":true}]}}