{"id":61189,"date":"2025-04-14T16:53:35","date_gmt":"2025-04-14T19:53:35","guid":{"rendered":"https:\/\/infovera.com.ar\/web\/?p=61189"},"modified":"2025-04-15T08:17:07","modified_gmt":"2025-04-15T11:17:07","slug":"unidos-gano-en-11-de-los-13-distritos-del-departamento-vera-y-consolida-el-liderazgo-de-juliana-caillat","status":"publish","type":"post","link":"https:\/\/infovera.com.ar\/web\/2025\/04\/14\/unidos-gano-en-11-de-los-13-distritos-del-departamento-vera-y-consolida-el-liderazgo-de-juliana-caillat\/","title":{"rendered":"Unidos ratific\u00f3 haber ganado en 11 de los 13 distritos del departamento Vera y &#8220;consolida el liderazgo de Juliana Caillat&#8221;"},"content":{"rendered":"<p style=\"text-align: left;\">La \u00faltima elecci\u00f3n en el departamento Vera &#8220;dej\u00f3 en evidencia un cambio de \u00e9poca: la coalici\u00f3n de gobierno Unidos para Cambiar Santa Fe, se impuso en *11 de las 13 localidades*, marcando una tendencia irreversible que debilita el dominio territorial del actual senador Osvaldo Sosa y abre paso a una nueva dirigencia, con fuerza, legitimidad y proyecci\u00f3n&#8221;, expresaron desde el equipo de campa\u00f1a de Juliana Caillat.<\/p>\n<p>Caillat, desde la ciudad de Calchaqu\u00ed, dio un paso decisivo en su consolidaci\u00f3n como dirigente departamental. Gan\u00f3 en su ciudad con m\u00e1s de 300 votos de diferencia y &#8220;extendi\u00f3 su liderazgo a localidades donde hist\u00f3ricamente Sosa era imbatible&#8221;, indicaron. &#8220;La irrupci\u00f3n de Caillat no solo achic\u00f3 la brecha que el actual senador manten\u00eda en algunos distritos, sino que en varios directamente lo super\u00f3, configurando un mapa electoral completamente distinto al de a\u00f1os anteriores&#8221;, aseguraron.<\/p>\n<p><strong>Una elecci\u00f3n que marca un nuevo rumbo<\/strong><\/p>\n<p>Para Unidos, el &#8220;resultado no deja lugar a dudas: Unidos gan\u00f3 en Calchaqu\u00ed, Ca\u00f1ada Omb\u00fa, Garabato, Golondrina, Intiyaco, La Gallareta, Los T\u00e1banos, Margarita, Tartagal, Toba y Vera. En muchos de estos distritos, la diferencia a favor del oficialismo provincial fue contundente, y en los casos donde no se logr\u00f3 la victoria, las distancias fueron mucho menores que en elecciones anteriores&#8221;.<\/p>\n<p>Adem\u00e1s, estas localidades tambi\u00e9n &#8220;expresaron su acompa\u00f1amiento al gobernador Maximiliano Pullaro, consolidando el proyecto de transformaci\u00f3n y desarrollo que encabeza en toda la provincia, y que tiene un cap\u00edtulo clave en el norte santafesino&#8221;, remarcaron.<\/p>\n<p>Una dirigente con proyecci\u00f3n<\/p>\n<p>Para Unidos Vera, con esta elecci\u00f3n &#8220;Juliana Caillat revalida su liderazgo local en Calchaqu\u00ed*, pero sobre todo, se posiciona como la figura que viene a renovar la pol\u00edtica del departamento. Su crecimiento es sostenido, territorial y respaldado por los vecinos y vecinas que apuestan por una representaci\u00f3n m\u00e1s cercana, con capacidad de gesti\u00f3n y compromiso real con las necesidades de la regi\u00f3n&#8221;.<\/p>\n<p>El camino que comienza hoy tiene un horizonte claro, se\u00f1alaron: &#8220;Recuperar para el proyecto de Unidos la banca del Senado departamental dentro de dos a\u00f1os, para que el norte santafesino tenga una voz firme, moderna y alineada con el desarrollo que ya impulsa el gobierno provincial&#8221;.<\/p>\n","protected":false},"excerpt":{"rendered":"<p>La \u00faltima elecci\u00f3n en el departamento Vera &#8220;dej\u00f3 en evidencia un cambio de \u00e9poca: la coalici\u00f3n de gobierno Unidos para Cambiar Santa Fe, se impuso en *11 de las 13 localidades*, marcando una tendencia irreversible que debilita el dominio territorial del actual senador Osvaldo Sosa y abre paso a una nueva dirigencia, con fuerza, legitimidad [&hellip;]<\/p>\n","protected":false},"author":3,"featured_media":61190,"comment_status":"closed","ping_status":"closed","sticky":false,"template":"","format":"standard","meta":{"_joinchat":[],"footnotes":""},"categories":[53],"tags":[],"class_list":{"0":"post-61189","1":"post","2":"type-post","3":"status-publish","4":"format-standard","5":"has-post-thumbnail","7":"category-vera"},"_links":{"self":[{"href":"https:\/\/infovera.com.ar\/web\/wp-json\/wp\/v2\/posts\/61189","targetHints":{"allow":["GET"]}}],"collection":[{"href":"https:\/\/infovera.com.ar\/web\/wp-json\/wp\/v2\/posts"}],"about":[{"href":"https:\/\/infovera.com.ar\/web\/wp-json\/wp\/v2\/types\/post"}],"author":[{"embeddable":true,"href":"https:\/\/infovera.com.ar\/web\/wp-json\/wp\/v2\/users\/3"}],"replies":[{"embeddable":true,"href":"https:\/\/infovera.com.ar\/web\/wp-json\/wp\/v2\/comments?post=61189"}],"version-history":[{"count":0,"href":"https:\/\/infovera.com.ar\/web\/wp-json\/wp\/v2\/posts\/61189\/revisions"}],"wp:featuredmedia":[{"embeddable":true,"href":"https:\/\/infovera.com.ar\/web\/wp-json\/wp\/v2\/media\/61190"}],"wp:attachment":[{"href":"https:\/\/infovera.com.ar\/web\/wp-json\/wp\/v2\/media?parent=61189"}],"wp:term":[{"taxonomy":"category","embeddable":true,"href":"https:\/\/infovera.com.ar\/web\/wp-json\/wp\/v2\/categories?post=61189"},{"taxonomy":"post_tag","embeddable":true,"href":"https:\/\/infovera.com.ar\/web\/wp-json\/wp\/v2\/tags?post=61189"}],"curies":[{"name":"wp","href":"https:\/\/api.w.org\/{rel}","templated":true}]}}