{"id":61175,"date":"2025-04-14T13:42:20","date_gmt":"2025-04-14T16:42:20","guid":{"rendered":"https:\/\/infovera.com.ar\/web\/?p=61175"},"modified":"2025-04-14T13:42:20","modified_gmt":"2025-04-14T16:42:20","slug":"sancionaron-a-14-conductores-por-alcoholemia-positiva-durante-el-fin-de-semana","status":"publish","type":"post","link":"https:\/\/infovera.com.ar\/web\/2025\/04\/14\/sancionaron-a-14-conductores-por-alcoholemia-positiva-durante-el-fin-de-semana\/","title":{"rendered":"Sancionaron a 14 conductores por alcoholemia positiva durante el fin de semana"},"content":{"rendered":"<p>En los \u00faltimos d\u00edas, polic\u00edas de las distintas Unidades Operativas Regionales que componen la Direcci\u00f3n General de Polic\u00eda de Seguridad Vial cumplimentaron operativos vehiculares en diversos puntos de la provincia donde identificaron a catorce personas que circulaban con<br \/>\nalcohol en sangre. Cabe mencionar que dos conductores presentaban m\u00e1s de 2.40 de de alcohol en sangre y otro 2,16.<\/p>\n<p>Numerarios de la Unidad Operativa Regional 6 (San Crist\u00f3bal) notificaron<br \/>\na cuatro conductores, uno de ellos en RN N\u00b034 Acceso Norte a Ceres donde<br \/>\nun hombre circulaba en un auto con 2.53 G\/L, mientras que en RN N\u00b095 y<br \/>\nRP N\u00b0 292s altura de Villa Minetti a otro sujeto que presentaba 2.45<br \/>\nG\/L. Los dos restantes fueron en RP 4 y RP 13 de la localidad de San<br \/>\nCrist\u00f3bal y presentaban 1.51 de alcohol en sangre.<\/p>\n<p>Otros procedimientos fueron realizados por las distintas Unidades<br \/>\nOperativas Regionales. En Ruta Nacional N\u00b0 11, altura de Gobernador<br \/>\nCrespo identificaron a un hombre que se trasladaba en una camioneta con<br \/>\n2.16 G\/L en sangre. Por su parte, en la ciudad de Santo Tom\u00e9 notificaron<br \/>\na dos conductores con 1.15 G\/L, 1,05 y en\u00a0 Sauce Viejo a un sujeto con<br \/>\n1,34 g\/l alcohol en sangre. Mientras que en RP 4 y RP 6 altura de<br \/>\nManucho detuvieron a un hombre que se trasladaba en moto con 0.62 de<br \/>\nalcohol en sangre.<\/p>\n<p>En RN N\u00b09 y calle Salto Grande de Funes dos conductores dieron<br \/>\nalcoholemia positiva sancionable de 1.16 G\/L y 1.21 G\/L, y en AP 01 KM<br \/>\n22 altura del Peaje un individuo con 1.04 G\/L.<\/p>\n<p><strong>Por otro lado, efectivos de la Unidad Operativa Regional 1 (Reconquista)<\/strong><br \/>\n<strong>en colaboraci\u00f3n con la Comisar\u00eda\u00a0 2da de la UR XIX Calchaqu\u00ed realizaron<\/strong><br \/>\n<strong>tests de alcoholemia por un siniestro vial. Como resultado identificaron<\/strong><br \/>\n<strong>a la conductora de un auto con\u00a0<\/strong><strong>1.06 g\/l.\u00a0<\/strong><strong>y a su acompa\u00f1ante con <\/strong><strong>1.11 g\/l.\u00a0<\/strong><\/p>\n<p>Por \u00faltimo, en Ruta Provincial N\u00b01 km 285, localidad de Los<br \/>\nLaureles detuvieron la marcha de un hombre que conduc\u00eda una camioneta y<br \/>\nel test de alcoholemia arroj\u00f3 como resultado positivo sancionable de<br \/>\n1,08 g\/l.<\/p>\n<p>En todos los casos, los uniformados labraron acta de infracci\u00f3n,<br \/>\nretuvieron preventivamente la licencia de conducir y remitieron los<br \/>\nveh\u00edculos al corral\u00f3n.<\/p>\n","protected":false},"excerpt":{"rendered":"<p>En los \u00faltimos d\u00edas, polic\u00edas de las distintas Unidades Operativas Regionales que componen la Direcci\u00f3n General de Polic\u00eda de Seguridad Vial cumplimentaron operativos vehiculares en diversos puntos de la provincia donde identificaron a catorce personas que circulaban con alcohol en sangre. Cabe mencionar que dos conductores presentaban m\u00e1s de 2.40 de de alcohol en sangre [&hellip;]<\/p>\n","protected":false},"author":3,"featured_media":61176,"comment_status":"closed","ping_status":"closed","sticky":false,"template":"","format":"standard","meta":{"_joinchat":[],"footnotes":""},"categories":[30,60],"tags":[],"class_list":{"0":"post-61175","1":"post","2":"type-post","3":"status-publish","4":"format-standard","5":"has-post-thumbnail","7":"category-policiales","8":"category-provinciales"},"_links":{"self":[{"href":"https:\/\/infovera.com.ar\/web\/wp-json\/wp\/v2\/posts\/61175","targetHints":{"allow":["GET"]}}],"collection":[{"href":"https:\/\/infovera.com.ar\/web\/wp-json\/wp\/v2\/posts"}],"about":[{"href":"https:\/\/infovera.com.ar\/web\/wp-json\/wp\/v2\/types\/post"}],"author":[{"embeddable":true,"href":"https:\/\/infovera.com.ar\/web\/wp-json\/wp\/v2\/users\/3"}],"replies":[{"embeddable":true,"href":"https:\/\/infovera.com.ar\/web\/wp-json\/wp\/v2\/comments?post=61175"}],"version-history":[{"count":0,"href":"https:\/\/infovera.com.ar\/web\/wp-json\/wp\/v2\/posts\/61175\/revisions"}],"wp:featuredmedia":[{"embeddable":true,"href":"https:\/\/infovera.com.ar\/web\/wp-json\/wp\/v2\/media\/61176"}],"wp:attachment":[{"href":"https:\/\/infovera.com.ar\/web\/wp-json\/wp\/v2\/media?parent=61175"}],"wp:term":[{"taxonomy":"category","embeddable":true,"href":"https:\/\/infovera.com.ar\/web\/wp-json\/wp\/v2\/categories?post=61175"},{"taxonomy":"post_tag","embeddable":true,"href":"https:\/\/infovera.com.ar\/web\/wp-json\/wp\/v2\/tags?post=61175"}],"curies":[{"name":"wp","href":"https:\/\/api.w.org\/{rel}","templated":true}]}}