{"id":61140,"date":"2025-04-13T22:14:39","date_gmt":"2025-04-14T01:14:39","guid":{"rendered":"https:\/\/infovera.com.ar\/web\/?p=61140"},"modified":"2025-04-14T13:38:22","modified_gmt":"2025-04-14T16:38:22","slug":"javier-barbona-el-gran-ganador-de-las-paso-en-vera","status":"publish","type":"post","link":"https:\/\/infovera.com.ar\/web\/2025\/04\/13\/javier-barbona-el-gran-ganador-de-las-paso-en-vera\/","title":{"rendered":"Javier Barbona, el gran ganador de las PASO en Vera"},"content":{"rendered":"<p>Con el 96,72 % de los votos escrutados, Javier Barbona, se Sumemos Esfuerzos, se impuso en la categor\u00eda a concejales con 2.420 votos. El Taca Bieler, de M\u00e1s para Santa Fe, obtuvo 2.232 sufragios. En tercer lugar se ubic\u00f3 Marcos Rubianes, de Unidos, con 1.770 votos.<\/p>\n<p>&#8220;La gente quiere un cambio y entendi\u00f3 que el camino es por ac\u00e1&#8221;, dijo a InfoVera desde su bunker el candidato m\u00e1s votado de Vera.<\/p>\n<p>Javier Barbona celebr\u00f3 los votos obtenidos y agradeci\u00f3: &#8220;Sentimos de verdad el acompa\u00f1amiento y cuando empezamos a ver los n\u00fameros de la elecci\u00f3n vimos que los vecinos nos demostraron que quieren un cambio&#8221;.<\/p>\n<p>&#8220;Tenemos derecho a vivir mejor, a proyectar el futuro de todos los actores de Vera&#8221;, asegur\u00f3, y no olvid\u00f3 destacar el trabajo de todo su equipo: &#8220;Hace 25 a\u00f1os que venimos trabajando juntos, confiamos mucho en el trabajo de comunicaci\u00f3n que gestion\u00f3 Viviana Caballero&#8221;, agreg\u00f3.<\/p>\n<p>Por \u00faltimo dio sus gracias a los fiscales de SE que &#8220;fueron todos voluntarios&#8221; y se comprometi\u00f3 a &#8220;redoblar esfuerzos&#8221; para la elecci\u00f3n general del 29 de junio.<\/p>\n","protected":false},"excerpt":{"rendered":"<p>Con el 96,72 % de los votos escrutados, Javier Barbona, se Sumemos Esfuerzos, se impuso en la categor\u00eda a concejales con 2.420 votos. El Taca Bieler, de M\u00e1s para Santa Fe, obtuvo 2.232 sufragios. En tercer lugar se ubic\u00f3 Marcos Rubianes, de Unidos, con 1.770 votos. &#8220;La gente quiere un cambio y entendi\u00f3 que el [&hellip;]<\/p>\n","protected":false},"author":3,"featured_media":61145,"comment_status":"closed","ping_status":"closed","sticky":false,"template":"","format":"standard","meta":{"_joinchat":[],"footnotes":""},"categories":[53],"tags":[],"class_list":{"0":"post-61140","1":"post","2":"type-post","3":"status-publish","4":"format-standard","5":"has-post-thumbnail","7":"category-vera"},"_links":{"self":[{"href":"https:\/\/infovera.com.ar\/web\/wp-json\/wp\/v2\/posts\/61140","targetHints":{"allow":["GET"]}}],"collection":[{"href":"https:\/\/infovera.com.ar\/web\/wp-json\/wp\/v2\/posts"}],"about":[{"href":"https:\/\/infovera.com.ar\/web\/wp-json\/wp\/v2\/types\/post"}],"author":[{"embeddable":true,"href":"https:\/\/infovera.com.ar\/web\/wp-json\/wp\/v2\/users\/3"}],"replies":[{"embeddable":true,"href":"https:\/\/infovera.com.ar\/web\/wp-json\/wp\/v2\/comments?post=61140"}],"version-history":[{"count":0,"href":"https:\/\/infovera.com.ar\/web\/wp-json\/wp\/v2\/posts\/61140\/revisions"}],"wp:featuredmedia":[{"embeddable":true,"href":"https:\/\/infovera.com.ar\/web\/wp-json\/wp\/v2\/media\/61145"}],"wp:attachment":[{"href":"https:\/\/infovera.com.ar\/web\/wp-json\/wp\/v2\/media?parent=61140"}],"wp:term":[{"taxonomy":"category","embeddable":true,"href":"https:\/\/infovera.com.ar\/web\/wp-json\/wp\/v2\/categories?post=61140"},{"taxonomy":"post_tag","embeddable":true,"href":"https:\/\/infovera.com.ar\/web\/wp-json\/wp\/v2\/tags?post=61140"}],"curies":[{"name":"wp","href":"https:\/\/api.w.org\/{rel}","templated":true}]}}