{"id":61093,"date":"2025-04-13T12:23:17","date_gmt":"2025-04-13T15:23:17","guid":{"rendered":"https:\/\/infovera.com.ar\/web\/?p=61093"},"modified":"2025-04-14T10:46:53","modified_gmt":"2025-04-14T13:46:53","slug":"magra-afluencia-de-votantes-en-el-norte","status":"publish","type":"post","link":"https:\/\/infovera.com.ar\/web\/2025\/04\/13\/magra-afluencia-de-votantes-en-el-norte\/","title":{"rendered":"Escuelas casi vac\u00edas y magra afluencia de votantes en el norte"},"content":{"rendered":"<p>\u201cNunca visto, muy bajo\u201d, describi\u00f3 una autoridad de mesa desde una escuela de Reconquista para graficar la magra cantidad de votantes que concurrieron a emitir su voto hasta minutos despu\u00e9s del mediod\u00eda del domingo electoral.<\/p>\n<p>A m\u00e1s de 4 horas de iniciado el acto comicial solo se llevaban contabilizado un 20 % afluencia del padr\u00f3n a sufragar en la Escuela \u201cAlas Argentinas\u201d. Ese mismo escenario se repet\u00eda en la mayor\u00eda de los establecimientos educativos habilitados como locales de votaci\u00f3n.<\/p>\n<p>El dato no hace m\u00e1s que confirmar, preliminarmente, las proyecciones que durante la semana realizaron dirigentes pol\u00edticos con varias elecciones en la espalda: \u201cVa a ser dif\u00edcil superar el 55 %\u201d del padr\u00f3n, hab\u00edan estimado.<\/p>\n<p>Aunque habr\u00e1 que esperar a las 18 de esta jornada c\u00edvica a pleno sol para tener la cifra cabal de votantes, el humor social en el \u00e1rea metropolitana de Reconquista y Avellaneda no es el mejor.<\/p>\n<p><strong>Humor social<\/strong><\/p>\n<p>Y hay razones de peso para ese clima reinante. Todav\u00eda est\u00e1 presente el sangriento crimen de un remisero en Reconquista, ocurrido el 5 de abril pasado, que conmocion\u00f3 y llen\u00f3 de estupor a la comunidad; y se sum\u00f3, para restar, la agon\u00eda de Vicentin con la paralizaci\u00f3n de la planta de Avellaneda -que podr\u00eda arrastrar a otras industrias- y sus trabajadores sin certezas sobre su futuro.<\/p>\n<p>En tanto, en el departamento Vera el cuadro era id\u00e9ntico con una apat\u00eda marcada de la gente para acercarse a cumplir con su obligaci\u00f3n ciudadana. Con un paisaje dispar, en algunas escuelas iba votando el 10 %, mientras que el norte\u00f1o distrito de Golondrina las dos mesas dispuestas arrojaban buenos porcentajes, configurando una novedad: Mesa 3417, 35 %; Mesa 3418, 31%.<\/p>\n<p>En ese territorio, genera expectativas la puja por el lugar de convencional reformador departamental entre el actual senador Osvaldo Sosa (M\u00e1s para Santa Fe) y la delf\u00edn del gobierno provincial, subsecretaria de Asuntos Electorales del Ministerio de Gobierno, Juliana Caillat (Unidos). Los dem\u00e1s candidatos son Miguel V\u00e1zquez (Confluencia Santafesina), Mariela Barbona ( Frente de Izquierda y de los Trabajadores &#8211; Unidad), Fernando Thomas (La Libertad Avanza).<\/p>\n<p><strong>Intendencias<\/strong><\/p>\n<p>En el norte, la atenci\u00f3n est\u00e1 puesta en las ciudades de Las Toscas y Florencia, que eligen sus candidatos a intendente. Con un peronismo menguado en sus posibilidades, en la primera los reflectores se enfocan en la primaria de Unidos que corporizan el exsenador Federico \u201cFiri\u201d Pezz, que representa al grupo gobernante, y el concejal Iv\u00e1n S\u00e1nchez, del espacio socialista de las diputadas \u201cCharo\u201d Mancini y Clara Garc\u00eda.<\/p>\n<p>A su vez, en la urbe del extremo norte de General Obligado, el \u201cNegro\u201d Rub\u00e9n Quain va por la reelecci\u00f3n, sin competidores en su interna; enfrente, Unidos lleva tres precandidatos: Edgardo Maciel, Fabio Villa y Cristian L\u00f3pez.<\/p>\n","protected":false},"excerpt":{"rendered":"<p>\u201cNunca visto, muy bajo\u201d, describi\u00f3 una autoridad de mesa desde una escuela de Reconquista para graficar la magra cantidad de votantes que concurrieron a emitir su voto hasta minutos despu\u00e9s del mediod\u00eda del domingo electoral. A m\u00e1s de 4 horas de iniciado el acto comicial solo se llevaban contabilizado un 20 % afluencia del padr\u00f3n [&hellip;]<\/p>\n","protected":false},"author":3,"featured_media":61114,"comment_status":"closed","ping_status":"closed","sticky":false,"template":"","format":"standard","meta":{"_joinchat":[],"footnotes":""},"categories":[53],"tags":[],"class_list":{"0":"post-61093","1":"post","2":"type-post","3":"status-publish","4":"format-standard","5":"has-post-thumbnail","7":"category-vera"},"_links":{"self":[{"href":"https:\/\/infovera.com.ar\/web\/wp-json\/wp\/v2\/posts\/61093","targetHints":{"allow":["GET"]}}],"collection":[{"href":"https:\/\/infovera.com.ar\/web\/wp-json\/wp\/v2\/posts"}],"about":[{"href":"https:\/\/infovera.com.ar\/web\/wp-json\/wp\/v2\/types\/post"}],"author":[{"embeddable":true,"href":"https:\/\/infovera.com.ar\/web\/wp-json\/wp\/v2\/users\/3"}],"replies":[{"embeddable":true,"href":"https:\/\/infovera.com.ar\/web\/wp-json\/wp\/v2\/comments?post=61093"}],"version-history":[{"count":0,"href":"https:\/\/infovera.com.ar\/web\/wp-json\/wp\/v2\/posts\/61093\/revisions"}],"wp:featuredmedia":[{"embeddable":true,"href":"https:\/\/infovera.com.ar\/web\/wp-json\/wp\/v2\/media\/61114"}],"wp:attachment":[{"href":"https:\/\/infovera.com.ar\/web\/wp-json\/wp\/v2\/media?parent=61093"}],"wp:term":[{"taxonomy":"category","embeddable":true,"href":"https:\/\/infovera.com.ar\/web\/wp-json\/wp\/v2\/categories?post=61093"},{"taxonomy":"post_tag","embeddable":true,"href":"https:\/\/infovera.com.ar\/web\/wp-json\/wp\/v2\/tags?post=61093"}],"curies":[{"name":"wp","href":"https:\/\/api.w.org\/{rel}","templated":true}]}}