{"id":61081,"date":"2025-04-12T17:55:21","date_gmt":"2025-04-12T20:55:21","guid":{"rendered":"https:\/\/infovera.com.ar\/web\/?p=61081"},"modified":"2025-04-12T18:02:43","modified_gmt":"2025-04-12T21:02:43","slug":"le-robaron-100-mil-de-su-camioneta-mientra-estaba-en-un-resto-de-reconquista","status":"publish","type":"post","link":"https:\/\/infovera.com.ar\/web\/2025\/04\/12\/le-robaron-100-mil-de-su-camioneta-mientra-estaba-en-un-resto-de-reconquista\/","title":{"rendered":"Le robaron $ 100 mil de su camioneta mientras estaba en un rest\u00f3 de Reconquista"},"content":{"rendered":"<p>Agentes del Cuerpo de Infanter\u00eda de Reconquista acudieron a Calle Alvear 250 ante el llamado de un hombre por un robo.<\/p>\n<p>Los uniformados fueron comisionados por la operadora del 911 a ese punto del noreste de la zona urbana y, una vez all\u00ed, se entrevistaron con Marcos Juli\u00e1n Buyatti (46) quien denunci\u00f3 el robo de dinero y llaves.<\/p>\n<p>La v\u00edctima relat\u00f3 que mientras estaba en el rest\u00f3 Vilaseca, en el centro hist\u00f3rico de la ciudad, le sustrajeron del interior de su camioneta Toyota Hilux la suma de 100 mil pesos.<\/p>\n<p>El veh\u00edculo hab\u00eda quedado estacionado en Iturraspe y Gral. Obligado, a metros del local gastron\u00f3mico.<\/p>\n<p>Buyatti indic\u00f3 que tambi\u00e9n la falt\u00f3 un manojo de llaves y que tom\u00f3 nota del robo porque se activ\u00f3 la alarma de su vivienda.<\/p>\n<p>Sus vecinos revelaron haber visto a dos sujetos que habr\u00edan ingresado a su vivienda por la puerta delantera, abriendo con llave.<\/p>\n<p>Los polic\u00edas realizaron una verificaci\u00f3n en parte interna de la casa, pero no dieron con persona alguna.<\/p>\n<p>En los registros f\u00edlmicos de las c\u00e1maras de seguridad pudieron observar a dos malvivientes que iban vestidos con ropas claras, camperas, pantal\u00f3n largo y gorras, que ingresaron al sector de galer\u00eda y luego se retiraron por calle Alvear, hacia Ledesma.<\/p>\n<p>Los cacos no pudieron ser detenidos hasta el momento y la hip\u00f3tesis principal es que habr\u00edan actuado con inhibidores de alarma vehiculares.<\/p>\n","protected":false},"excerpt":{"rendered":"<p>Agentes del Cuerpo de Infanter\u00eda de Reconquista acudieron a Calle Alvear 250 ante el llamado de un hombre por un robo. Los uniformados fueron comisionados por la operadora del 911 a ese punto del noreste de la zona urbana y, una vez all\u00ed, se entrevistaron con Marcos Juli\u00e1n Buyatti (46) quien denunci\u00f3 el robo de [&hellip;]<\/p>\n","protected":false},"author":3,"featured_media":61082,"comment_status":"closed","ping_status":"closed","sticky":false,"template":"","format":"standard","meta":{"_joinchat":[],"footnotes":""},"categories":[30,55,61],"tags":[],"class_list":{"0":"post-61081","1":"post","2":"type-post","3":"status-publish","4":"format-standard","5":"has-post-thumbnail","7":"category-policiales","8":"category-reconquista","9":"category-regionales"},"_links":{"self":[{"href":"https:\/\/infovera.com.ar\/web\/wp-json\/wp\/v2\/posts\/61081","targetHints":{"allow":["GET"]}}],"collection":[{"href":"https:\/\/infovera.com.ar\/web\/wp-json\/wp\/v2\/posts"}],"about":[{"href":"https:\/\/infovera.com.ar\/web\/wp-json\/wp\/v2\/types\/post"}],"author":[{"embeddable":true,"href":"https:\/\/infovera.com.ar\/web\/wp-json\/wp\/v2\/users\/3"}],"replies":[{"embeddable":true,"href":"https:\/\/infovera.com.ar\/web\/wp-json\/wp\/v2\/comments?post=61081"}],"version-history":[{"count":0,"href":"https:\/\/infovera.com.ar\/web\/wp-json\/wp\/v2\/posts\/61081\/revisions"}],"wp:featuredmedia":[{"embeddable":true,"href":"https:\/\/infovera.com.ar\/web\/wp-json\/wp\/v2\/media\/61082"}],"wp:attachment":[{"href":"https:\/\/infovera.com.ar\/web\/wp-json\/wp\/v2\/media?parent=61081"}],"wp:term":[{"taxonomy":"category","embeddable":true,"href":"https:\/\/infovera.com.ar\/web\/wp-json\/wp\/v2\/categories?post=61081"},{"taxonomy":"post_tag","embeddable":true,"href":"https:\/\/infovera.com.ar\/web\/wp-json\/wp\/v2\/tags?post=61081"}],"curies":[{"name":"wp","href":"https:\/\/api.w.org\/{rel}","templated":true}]}}