{"id":61078,"date":"2025-04-12T17:31:13","date_gmt":"2025-04-12T20:31:13","guid":{"rendered":"https:\/\/infovera.com.ar\/web\/?p=61078"},"modified":"2025-04-12T17:31:13","modified_gmt":"2025-04-12T20:31:13","slug":"una-camioneta-se-incendio-por-completo-en-la-ruta-11","status":"publish","type":"post","link":"https:\/\/infovera.com.ar\/web\/2025\/04\/12\/una-camioneta-se-incendio-por-completo-en-la-ruta-11\/","title":{"rendered":"Una camioneta se incendi\u00f3 por completo en la Ruta 11"},"content":{"rendered":"<p>A la 7:10, personal del Comando Radioel\u00e9ctrico Avellaneda fue comisionado a Ruta Nacional 11, Paraje El Timb\u00f3, debido a que un veh\u00edculo se estaba incendiando.<\/p>\n<p>Arribados al lugar, los agentes observaron una Renault M\u00e1ster que ard\u00eda.<\/p>\n<p>El conductor de 48 a\u00f1os, de nacionalidad paraguaya, con domicilio en la ciudad de La Plata, manifest\u00f3 que circulaba por Ruta 11 con sentido norte a sur, y detuvo la marcha orill\u00e1ndose en la banquina por un desperfecto mec\u00e1nico. Imprevistamente, la camioneta comenz\u00f3 a incendiarse.<\/p>\n<p>Posteriormente, se hizo presente una unidad de bomberos voluntarios de la ciudad de Avellaneda que apag\u00f3 el foco \u00edgneo.<\/p>\n<p>Como consecuencia de lo sucedido no hubo v\u00edctimas, solo da\u00f1os materiales.<\/p>\n<p>La ruta permaneci\u00f3 cortada hasta que los bomberos finalizaron su labor.<\/p>\n","protected":false},"excerpt":{"rendered":"<p>A la 7:10, personal del Comando Radioel\u00e9ctrico Avellaneda fue comisionado a Ruta Nacional 11, Paraje El Timb\u00f3, debido a que un veh\u00edculo se estaba incendiando. Arribados al lugar, los agentes observaron una Renault M\u00e1ster que ard\u00eda. El conductor de 48 a\u00f1os, de nacionalidad paraguaya, con domicilio en la ciudad de La Plata, manifest\u00f3 que circulaba [&hellip;]<\/p>\n","protected":false},"author":3,"featured_media":61079,"comment_status":"closed","ping_status":"closed","sticky":false,"template":"","format":"standard","meta":{"_joinchat":[],"footnotes":""},"categories":[30,61],"tags":[],"class_list":{"0":"post-61078","1":"post","2":"type-post","3":"status-publish","4":"format-standard","5":"has-post-thumbnail","7":"category-policiales","8":"category-regionales"},"_links":{"self":[{"href":"https:\/\/infovera.com.ar\/web\/wp-json\/wp\/v2\/posts\/61078","targetHints":{"allow":["GET"]}}],"collection":[{"href":"https:\/\/infovera.com.ar\/web\/wp-json\/wp\/v2\/posts"}],"about":[{"href":"https:\/\/infovera.com.ar\/web\/wp-json\/wp\/v2\/types\/post"}],"author":[{"embeddable":true,"href":"https:\/\/infovera.com.ar\/web\/wp-json\/wp\/v2\/users\/3"}],"replies":[{"embeddable":true,"href":"https:\/\/infovera.com.ar\/web\/wp-json\/wp\/v2\/comments?post=61078"}],"version-history":[{"count":0,"href":"https:\/\/infovera.com.ar\/web\/wp-json\/wp\/v2\/posts\/61078\/revisions"}],"wp:featuredmedia":[{"embeddable":true,"href":"https:\/\/infovera.com.ar\/web\/wp-json\/wp\/v2\/media\/61079"}],"wp:attachment":[{"href":"https:\/\/infovera.com.ar\/web\/wp-json\/wp\/v2\/media?parent=61078"}],"wp:term":[{"taxonomy":"category","embeddable":true,"href":"https:\/\/infovera.com.ar\/web\/wp-json\/wp\/v2\/categories?post=61078"},{"taxonomy":"post_tag","embeddable":true,"href":"https:\/\/infovera.com.ar\/web\/wp-json\/wp\/v2\/tags?post=61078"}],"curies":[{"name":"wp","href":"https:\/\/api.w.org\/{rel}","templated":true}]}}