{"id":61068,"date":"2025-04-11T19:44:55","date_gmt":"2025-04-11T22:44:55","guid":{"rendered":"https:\/\/infovera.com.ar\/web\/?p=61068"},"modified":"2025-04-13T11:30:58","modified_gmt":"2025-04-13T14:30:58","slug":"vicentin-plantas-paralizadas-pedidos-de-intervencion-judicial-ya-y-venta-de-bienes-para-pagar-sueldos","status":"publish","type":"post","link":"https:\/\/infovera.com.ar\/web\/2025\/04\/11\/vicentin-plantas-paralizadas-pedidos-de-intervencion-judicial-ya-y-venta-de-bienes-para-pagar-sueldos\/","title":{"rendered":"Vicentin: plantas paralizadas, pedidos de &#8220;intervenci\u00f3n judicial ya&#8221; y venta de bienes para pagar sueldos"},"content":{"rendered":"<p>Las partes fueron convocadas por el juez de concurso. Fue a ra\u00edz de la supuesta &#8220;parada segura&#8221; los complejos de Ricardone y Avellaneda. Futuro incierto y hast\u00edo de acreedores y trabajadores. La provincia pidi\u00f3 responsabilidad a los grupos econ\u00f3micos en pugna. La posici\u00f3n de la empresa.<\/p>\n<p><strong>Estanislao Bougain no la pas\u00f3 bien en la audiencia celebrada en el auditorio del Palacio de Tribunales de Reconquista, convocada por el juez del concurso de acreedores Fabi\u00e1n Lorenzini, con el fin de hallar una salida a la crisis terminal que enfrenta la cerealera ca\u00edda en default en enero de 2020.<\/strong><\/p>\n<p>El director independiente y voz cantante de la empresa -que estuvo por Zoom- recibi\u00f3 reclamos subidos de tono de trabajadores, sindicalistas y acreedores cuando, en su intervenci\u00f3n, intent\u00f3 explicar en una l\u00ednea de tiempo el devenir de lo que denomin\u00f3 \u201cla sociedad\u201d.<\/p>\n<p>Aun as\u00ed, se las arregl\u00f3 para enhebrar un hilo descriptivo que comenz\u00f3 por el final: \u201cEmpezamos a perder recursos humanos valiosos porque est\u00e1n buscando alternativas fuera de la empresa\u201d, dijo, de entrada, respecto a la planta de personal de la firma.<\/p>\n<p>Luego, Bougain se refiri\u00f3 a la acuciante sequ\u00eda de divisas: \u201cLa caja iba a aguantar hasta marzo de 2025, desde agosto se sab\u00eda, el pron\u00f3stico se cumpli\u00f3. Es incre\u00edble que hayamos llegado a la situaci\u00f3n en la que estamos cuando la sociedad termin\u00f3 la restructuraci\u00f3n hace 3 a\u00f1os, que fue apoyada por mayor\u00edas contundentes y apalancada en espaldas enormes de los principales grupos econ\u00f3micos, uno nacional cooperativo y dos multinacionales de enorme envergadura que hacen completamente cre\u00edble que la soluci\u00f3n, que sigue encima de la mesa, pueda ser alcanzada ma\u00f1ana a la ma\u00f1ana\u201d. \u201cLo \u00fanico que se necesita all\u00ed en un soluci\u00f3n final que no podemos alcanzar por distintas razones\u201d, asent\u00f3<\/p>\n<p><strong>En lo referente al plano judicial, manifest\u00f3 que \u201csobre el expediente concursal estamos esperando de la Corte Suprema provincial la concesi\u00f3n o el rechazo de un recurso extraordinario. Si es concedido, la propuesta que est\u00e1 sobre la mesa renace, entonces estamos en condiciones de volver a negociar fasones con los socios estrat\u00e9gicos: Si el recurso no es concedido, debemos decidir si vamos a ir en queja a la Corte federal o no, esa es la disyuntiva\u201d.<\/strong><\/p>\n<p>En t\u00e9rminos de actualidad, admiti\u00f3 que <strong>\u201cestas semanas fueron fren\u00e9ticas por la detenci\u00f3n de 3 de los gerentes m\u00e1s importantes de la sociedad\u201d, y \u201ccreamos un comit\u00e9 de crisis que es el que est\u00e1 operando todos los d\u00edas para atender las necesidades urgentes\u201d.<\/strong><\/p>\n<p>En su exposici\u00f3n, el directivo se refiri\u00f3 a la \u201cparada segura\u201d de las plantas de Ricardone y Avellaneda que \u201cestaban operando a gran capacidad, pero con capacidad limitada de todas maneras con stocks muy bajos para la \u00e9poca del a\u00f1o debido a la incertidumbre de nuestros clientes que no mandaban gran cantidad de girasol\u201d. De acuerdo a su versi\u00f3n -que luego ser\u00eda contrastada por los empleados de Ricardone- tampoco se cerraron contratos de soja y \u201csab\u00edamos que no \u00edbamos hacer frente a una deuda comercial creciente y tampoco \u00edbamos a poder pagar los sueldos de marzo\u201d, m\u00e1s \u201clos avisos de corte de electricidad y gas&#8221;. <strong>&#8220;Una parada segura necesita programarse antes, esa decisi\u00f3n racional fue tomada por el comit\u00e9 de crisis por la seguridad y la protecci\u00f3n de los activos\u201d, afirm\u00f3.<\/strong><\/p>\n<figure class=\"image\"><img decoding=\"async\" src=\"https:\/\/norte24cdn.eleco.com.ar\/media\/2025\/04\/estanislao_bougain.jpg\" alt=\"Estanislao Bougain\" \/><figcaption>Estanislao Bougain.<\/figcaption><\/figure>\n<p><strong>Acciones<\/strong><\/p>\n<p>Con el agua al cuello en lo financiero, Bougain enumer\u00f3 acciones aplicadas por Vicentin enfrentar la zozobra productiva: la restricci\u00f3n del pago de todas las obligaciones comerciales, la suspensi\u00f3n de todo pago de servicios -asesores, abogados, etc.-, hasta fines de marzo se atendi\u00f3 exclusivamente salarios y contribuciones y el agotamiento de todas las alternativas posibles con los clientes actuales para reforzar los contratos los fasones de girasol y para dar comienzo a los contratos de soja. <strong>Incluy\u00f3 la concreci\u00f3n de \u201cuna convocatoria m\u00e1s amplia a todos los potenciales interesados en fasones de soja, incluyendo al principal contradictorio en este concurso, que es la empresa Commodities\u201d, cuyo titular, Mariano Grassi, le responder\u00eda en duros t\u00e9rminos minutos despu\u00e9s.<\/strong><\/p>\n<p><strong>\u201c\u00bfD\u00f3nde est\u00e1 la salida a esta situaci\u00f3n?\u201d, <\/strong>inquiri\u00f3, en forma ret\u00f3rica, en la \u00faltima parte de su participaci\u00f3n. \u201cEn la situaci\u00f3n en la que estamos, no se avizoran soluciones de corto plazo posible. Es una verdad dura, pero es una verdad real. No tenemos soluci\u00f3n de corto plazo posible\u201d, reconoci\u00f3.<\/p>\n<p>A esa altura, insisti\u00f3 con que \u201cla definici\u00f3n que adopte la Corte provincial va a ser decisiva\u201d, al tiempo que adelant\u00f3 dos posibles estrategias: que si el tribunal cimero rechaza la petici\u00f3n, Vicentin podr\u00eda ir en queja la Corte Suprema de la Naci\u00f3n dado que con ello \u201clas expectativas de homologaci\u00f3n renacen y el giro vuelve a ser posible\u201d. <strong>O podr\u00eda explorar otro camino: \u201cDesistimos de la queja y aceleramos la apertura de crown down\u201d, pero \u201cnos meter\u00edamos en un callej\u00f3n que nosotros no sabemos a d\u00f3nde conduce\u201d.<\/strong><\/p>\n<p><strong>Activos valiosos<\/strong><\/p>\n<p>Las r\u00e9plicas no tardaron en llegar y fueron un\u00edsonas. \u201cSinceramente, espero que sea la \u00faltima vez que lo escucho a Bougain, que la verdad que lo veo salido de la realidad. Lo vimos tambi\u00e9n en la parte penal, en la audiencia, que escuchamos cosas como que en las empresas siempre se hacen las cosas as\u00ed. Estamos todos locos\u201d, dispar\u00f3 Mariano Grassi, de Commodities. El empresario fue por m\u00e1s y reclam\u00f3: <strong>\u201cNo puede existir en una empresa y tenemos un presidente que no sabemos&#8230; no le vemos la cara nunca. \u00bfD\u00f3nde est\u00e1 el presidente de Vicentin?\u201d. Tras ese plante\u00f3, apunt\u00f3: \u201cLos directores de Vicentin son el problema, no pueden ser parte de la soluci\u00f3n. Es muy cierto, se da cuenta todo el mundo, la chocaron dos veces. La primera es la denuncia penal. Y la segunda la vimos el otro d\u00eda\u201d<\/strong>.<\/p>\n<p>Grassi advirti\u00f3: \u201cOjo con la sindicatura, porque est\u00e1 acusada de encubrimiento con pedido de 3 a\u00f1os de prisi\u00f3n, le ponemos un sayo que a lo mejor ya lo tenemos que ir pensando en cambiar\u201d, para enseguida impactar con un declaraci\u00f3n tajante: <strong>\u201cYo les digo, nuestro grupo no va a ser socio de delincuentes. De nuestro lado no vamos a ser socios de delincuentes. No vamos a poner un peso para mandarle a que Bougain diga o haga lo que quiera. No va a pasar\u201d.<\/strong><\/p>\n<p>El tambi\u00e9n CEO del Grupo Grassi le enrostr\u00f3 a Vicentin que \u201csiempre usaron la idea de que eran ellos o la muerte, y ahora est\u00e1n queriendo que ocurra eso. (\u2026) est\u00e1n usando los trabajadores para poner un escudo\u201d. Y no olvid\u00f3 facturarle que \u201ces ilegal vender un avi\u00f3n que vale 3 millones de d\u00f3lares por 10 mil y el avi\u00f3n sigue siendo de ellos, lo dijeron en la audiencia, es ilegal usar la plata para hacerse un retiro. <strong>\u00bfPor qu\u00e9 no buscan los 3 millones de d\u00f3lares que val\u00eda el avi\u00f3n y paga los sueldos?&#8221;.<\/strong><\/p>\n<p>En cambio, les asegur\u00f3 a los trabajadores que \u201cnosotros vamos a estar en esa mesa cuando tenga sentido estar. Ya se lo decimos. Descarto que nos vamos a poner de acuerdo. A todo el mundo le sirven los activos. Con valor, funcionando. A todos nos sirve lo mismo. No estamos en lo opuesto. A todos nos sirve lo mismo&#8221;, y remarc\u00f3: &#8220;Los \u00fanicos que no sirven son los directores de Vicentin que necesitan que todo se prenda fuego. Los activos de Vicentin valen. Los activos de Vicentin van a trabajar siempre. No van a estar cerradas las plantas de Vicentin&#8221;.<\/p>\n<figure class=\"image\"><img decoding=\"async\" src=\"https:\/\/norte24cdn.eleco.com.ar\/media\/2025\/04\/gremios_1.jpg\" alt=\"gremios\" \/><figcaption>Los gremios reclamaron la intervenci\u00f3n judicial de Vicentin.<\/figcaption><\/figure>\n<p><strong>\u201cJugando con todos\u201d<\/strong><\/p>\n<p>Los representantes gremiales aceiteros coincidieron en reclamar \u201cque se corra al Directorio\u201d y la inmediata intervenci\u00f3n judicial, en voz de Daniel Succi. El dirigente contrast\u00f3 que la mencionada \u201cparada segura\u201d no habr\u00eda sido tal, sino que \u201clo que hicieron fue seguir jugando con todos, con los acreedores, con los trabajadores, porque est\u00e1 claro que est\u00e1n buscando la homologaci\u00f3n. Est\u00e1n usando a los trabajadores para apretar a la Corte&#8221;. <strong>\u201cFue falso que fue una \u2018parada segura\u2019 porque hay 50 mil toneladas de semillas en la planta\u201d, denunci\u00f3, y revel\u00f3 <\/strong><strong>la existencia tambi\u00e9n de material inflamable.<\/strong><\/p>\n<p>\u201cEntra un peso a la empresa y no sabemos si van a salir corriendo a pagar la EPE, a los trabajadores o si van a salir corriendo a pagar los abogados de ellos, como hemos visto en las imputaciones de 10 o 15 d\u00edas atr\u00e1s\u201d, fustig\u00f3 su par Mart\u00edn Morales. \u201cMientras manejen la caja estos tipos vamos a estar en problemas\u201d, alert\u00f3.<strong> \u201cLos trabajadores queremos trabajar, estamos adentro de la planta a 5 d\u00edas de no haber cobrado\u201d, asegur\u00f3 el sindicalista Daniel Fern\u00e1ndez.<\/strong><\/p>\n<p>Leandro Monz\u00f3n, secretario gremial de la fuerza laboral del Nodo Norte, solicit\u00f3 conocer \u201ccu\u00e1nto adelantaron las empresas estrat\u00e9gicas que estaban fasoneando para dejarlos expuestos y tener una idea de lo que est\u00e1n haciendo con eso, <strong>y ratificamos (el pedido) la \u2018intervenci\u00f3n ya\u2019 de la empresa\u201d.<\/strong><\/p>\n<p><strong>Responsabilidad<\/strong><\/p>\n<p>\u201cDe esta situaci\u00f3n se sale trabajando. Ac\u00e1 hay dos grandes grupos econ\u00f3micos que est\u00e1n pujando por quedarse con la empresa, v\u00eda crowm down, v\u00eda homologaci\u00f3n, alguno quiz\u00e1 puede estar especulando con la quiebra\u201d, contextualiz\u00f3, el ministro con el ministro de Trabajo Roald \u201cCoco\u201d B\u00e1scolo sentado en primera fila. El funcionario dijo no compartir la decisi\u00f3n de parar las plantas, porque con eso se coart\u00f3 la posibilidad de pagarles a los trabajadores. <strong>\u201cQuiero que las plantas se vuelvan a poner en marcha y que estos dos grupos que est\u00e1n pugnando judicialmente para quedarse con Vicentin hagan su aporte tambi\u00e9n, sean responsables. El llamado es a la responsabilidad ellos&#8221;.<\/strong><\/p>\n<p><strong>72 horas<\/strong><\/p>\n<p>Para cerrar la reuni\u00f3n que colm\u00f3 el espacio f\u00edsico de la sala y alcanz\u00f3 el l\u00edmite de 300 conectados por Zoom, el juez Fabi\u00e1n Lorenzini resolvi\u00f3 ordenar al Directorio de Vicentin -&#8220;por supuesto, me hubiera encantado que est\u00e9n hoy ac\u00e1, personalmente&#8221;- que presente al juzgado, a la sindicatura y a la comisi\u00f3n de acreedores, dentro de los pr\u00f3ximos tres d\u00edas, un informe detallado de la caja disponible y un plan de pago de los salarios devengados, aunque sea parcialmente.<\/p>\n<p>El magistrado hizo hincapi\u00e9 en los casos de cuotas de alimentos que deben pagarse para situaciones de personas de vulnerabilidad y emplaz\u00f3 a los directivos de la empresa a que tambi\u00e9n dentro de 72 horas detallen la existencia de contratos vigentes y el saldo de cuentas bancarias o de cualquier \u00edndole que est\u00e9n abiertas en el exterior, m\u00e1s un informe del stock de mercader\u00edas y tambi\u00e9n de insumos.<\/p>\n<p><strong>El juez se mostr\u00f3 partidario de avanzar con una medida dr\u00e1stica: la venta de bienes ociosos que no est\u00e9n incorporados en los procesos productivos, que no sean fundamentales, pagar los sueldos de los empleados.<\/strong><\/p>\n<p>En otro apartado, dispuso que bajo la coordinaci\u00f3n de los veedores de la sindicatura, como auxiliares en el proceso, que se analicen de inmediato las posibles \u201cmedidas paliativas\u201d de todo este a\u00f1o en curso, las condiciones necesarias para la \u201creapertura r\u00e1pida y segura de todas las plantas\u201d o de algunas de las plantas productivas que la concursada.<\/p>\n<p>\u201cDespu\u00e9s se ver\u00e1 qu\u00e9 qu\u00e9 surge todo este trabajo y a d\u00f3nde nos lleva. Y por supuesto, lo voy a destacar, vamos a invitar al gobierno de la provincia de Santa Fe, que ya lo est\u00e1 haciendo, para que siga colaborando con este trabajo\u201c, puso de relieve.<\/p>\n<p>Finalmente, Lorenzini dio cuenta que &#8220;vamos a informar de todo esto inmediatamente a la a la Corte Suprema, con la intenci\u00f3n de brindar informaci\u00f3n, transparencia, trazabilidad y acceso inmediato a todas las decisiones que siempre se tomaron\u201c.<\/p>\n<p><strong>Deudas<\/strong><\/p>\n<p><strong>La compa\u00f1\u00eda tiene una deuda posconcursal de U$S 30 millones, en los cuales se incluye U$S 18 millones que se le debe a Renova y el resto es deuda nueva que est\u00e1 centrada en insumos b\u00e1sicos: primero U$S 3 millones de sueldos; energ\u00eda el\u00e9ctrica y gas alrededor de U$S 5 millones; y deudas con contribuciones y con el fisco de unos U$S 2 millones. El informe fue brindado por el exinterventor y actual veedor Andr\u00e9s Schocron, quien sostuvo que \u201cesto hace muy dificultoso poder sobrellevar esto, m\u00e1xime cuando no hay actividad industrial\u201d. A eso hay que adicionarle m\u00ednimo U$S 1 mill\u00f3n para poder acondicionar para poner en marcha la planta de San Lorenzo&#8221;, agreg\u00f3.<\/strong><\/p>\n","protected":false},"excerpt":{"rendered":"<p>Las partes fueron convocadas por el juez de concurso. Fue a ra\u00edz de la supuesta &#8220;parada segura&#8221; los complejos de Ricardone y Avellaneda. Futuro incierto y hast\u00edo de acreedores y trabajadores. La provincia pidi\u00f3 responsabilidad a los grupos econ\u00f3micos en pugna. La posici\u00f3n de la empresa. Estanislao Bougain no la pas\u00f3 bien en la audiencia [&hellip;]<\/p>\n","protected":false},"author":3,"featured_media":61069,"comment_status":"closed","ping_status":"closed","sticky":false,"template":"","format":"standard","meta":{"_joinchat":[],"footnotes":""},"categories":[55,61],"tags":[],"class_list":{"0":"post-61068","1":"post","2":"type-post","3":"status-publish","4":"format-standard","5":"has-post-thumbnail","7":"category-reconquista","8":"category-regionales"},"_links":{"self":[{"href":"https:\/\/infovera.com.ar\/web\/wp-json\/wp\/v2\/posts\/61068","targetHints":{"allow":["GET"]}}],"collection":[{"href":"https:\/\/infovera.com.ar\/web\/wp-json\/wp\/v2\/posts"}],"about":[{"href":"https:\/\/infovera.com.ar\/web\/wp-json\/wp\/v2\/types\/post"}],"author":[{"embeddable":true,"href":"https:\/\/infovera.com.ar\/web\/wp-json\/wp\/v2\/users\/3"}],"replies":[{"embeddable":true,"href":"https:\/\/infovera.com.ar\/web\/wp-json\/wp\/v2\/comments?post=61068"}],"version-history":[{"count":0,"href":"https:\/\/infovera.com.ar\/web\/wp-json\/wp\/v2\/posts\/61068\/revisions"}],"wp:featuredmedia":[{"embeddable":true,"href":"https:\/\/infovera.com.ar\/web\/wp-json\/wp\/v2\/media\/61069"}],"wp:attachment":[{"href":"https:\/\/infovera.com.ar\/web\/wp-json\/wp\/v2\/media?parent=61068"}],"wp:term":[{"taxonomy":"category","embeddable":true,"href":"https:\/\/infovera.com.ar\/web\/wp-json\/wp\/v2\/categories?post=61068"},{"taxonomy":"post_tag","embeddable":true,"href":"https:\/\/infovera.com.ar\/web\/wp-json\/wp\/v2\/tags?post=61068"}],"curies":[{"name":"wp","href":"https:\/\/api.w.org\/{rel}","templated":true}]}}