{"id":61065,"date":"2025-04-11T17:13:16","date_gmt":"2025-04-11T20:13:16","guid":{"rendered":"https:\/\/infovera.com.ar\/web\/?p=61065"},"modified":"2025-04-11T17:13:16","modified_gmt":"2025-04-11T20:13:16","slug":"elecciones-2025-en-santa-fe-provincia-implementara-herramientas-para-garantizar-la-accesibilidad-electoral-a-toda-la-ciudadania","status":"publish","type":"post","link":"https:\/\/infovera.com.ar\/web\/2025\/04\/11\/elecciones-2025-en-santa-fe-provincia-implementara-herramientas-para-garantizar-la-accesibilidad-electoral-a-toda-la-ciudadania\/","title":{"rendered":"Elecciones 2025 en Santa Fe: Provincia implementar\u00e1 herramientas para garantizar la accesibilidad electoral a toda la ciudadan\u00eda"},"content":{"rendered":"<p>En el marco de las elecciones que se realizar\u00e1n este domingo 13 de abril en todo el territorio santafesino, el Gobierno Provincial, a trav\u00e9s de la Subsecretar\u00eda de Personas con Discapacidad y del Tribunal Electoral, pondr\u00e1 a disposici\u00f3n diversas estrategias basadas en los principios de accesibilidad y dise\u00f1o universal, para asegurar que los ciudadanos y ciudadanas ejerzan su derecho al voto en igualdad de condiciones.<\/p>\n<p>Al respecto, la subsecretaria de Personas con Discapacidad, Florencia Ottolini, indic\u00f3 que \u201cestas acciones ponen en valor la importancia de que la gente pueda informarse, ya que todos y todas tenemos el derecho y la obligaci\u00f3n de votar\u201d, al tiempo que aclar\u00f3 que \u201ca las personas con discapacidad que van a emitir su voto no se les exigir\u00e1 el certificado correspondiente, sino solo su DNI y que figure en el padr\u00f3n, como a cualquier otro ciudadano\u201d.<\/p>\n<p>Por su parte, el secretario electoral, Pablo Ayala, destac\u00f3 que \u201cnos preocupan las inquietudes manifestadas por muchos ciudadanos que, por diferentes razones, enfrentan obst\u00e1culos a la hora de votar. Somos conscientes de que un n\u00famero considerable de personas con discapacidad nunca ha ejercido su derecho al voto. Ante estas necesidades, nos esforzamos por ser una Provincia que act\u00fae como punta de lanza en materia electoral y lo hemos logrado con la implementaci\u00f3n del sistema de Boleta \u00danica. Desde entonces, apostamos siempre a continuar innovando\u201d, se\u00f1al\u00f3.<\/p>\n<p>\u201cEs fundamental -prosigui\u00f3 Ayala- incorporar nuevas medidas que faciliten y acompa\u00f1en a los ciudadanos y ciudadanas para atribuirle al acto eleccionario la importancia que merece. Escuchar las necesidades de los votantes y trabajar para satisfacerlas es nuestra prioridad. Y en estos comicios contaremos con m\u00faltiples y nuevas herramientas de accesibilidad electoral\u201d, complet\u00f3.<\/p>\n<p><strong>Nuevas recursos para facilitar la participaci\u00f3n<\/strong><\/p>\n<p>Las nuevas herramientas que se implementar\u00e1n este domingo durante la jornada electoral en la provincia, con el objetivo de optimizar y garantizar la accesibilidad electoral incluyen la disposici\u00f3n de plantillas en sistema braille para que las personas no videntes, o con dificultades para leer, puedan identificar la informaci\u00f3n de las boletas. Las mismas estar\u00e1n resguardadas por los jefes de local y podr\u00e1n solicitarse en cada centro de votaci\u00f3n.<\/p>\n<p>Asimismo, se implementar\u00e1 el \u201cvoto asistido\u201d para que aquellas personas que requieran apoyo durante el acto eleccionario puedan recibir la debida asistencia del presidente de mesa o de una persona de confianza, garantizando as\u00ed la privacidad del proceso. De igual modo, se proporcionar\u00e1n lupas para facilitar la lectura de las boletas y otros documentos electorales como afiches y carteles.<\/p>\n<p>Cabe destacar que, adem\u00e1s, se ofrecer\u00e1 un canal de comunicaci\u00f3n en int\u00e9rpretes de Lengua de Se\u00f1as Argentinas (LSA) mediante videollamadas, permitiendo a las autoridades de mesa y jefes de local comunicarse con int\u00e9rpretes, quienes oficiar\u00e1n de mediadores en la comunicaci\u00f3n en caso de que una persona con discapacidad auditiva lo requiera.<\/p>\n<p>Finalmente, en los lugares de votaci\u00f3n habr\u00e1 pictogramas y anticipadores para facilitar la comprensi\u00f3n del proceso electoral y despejar eventuales dudas, adem\u00e1s de carteler\u00eda con c\u00f3digos QR para acceder a informaci\u00f3n en formato de lectura f\u00e1cil.<\/p>\n","protected":false},"excerpt":{"rendered":"<p>En el marco de las elecciones que se realizar\u00e1n este domingo 13 de abril en todo el territorio santafesino, el Gobierno Provincial, a trav\u00e9s de la Subsecretar\u00eda de Personas con Discapacidad y del Tribunal Electoral, pondr\u00e1 a disposici\u00f3n diversas estrategias basadas en los principios de accesibilidad y dise\u00f1o universal, para asegurar que los ciudadanos y [&hellip;]<\/p>\n","protected":false},"author":3,"featured_media":61066,"comment_status":"closed","ping_status":"closed","sticky":false,"template":"","format":"standard","meta":{"_joinchat":[],"footnotes":""},"categories":[60],"tags":[],"class_list":{"0":"post-61065","1":"post","2":"type-post","3":"status-publish","4":"format-standard","5":"has-post-thumbnail","7":"category-provinciales"},"_links":{"self":[{"href":"https:\/\/infovera.com.ar\/web\/wp-json\/wp\/v2\/posts\/61065","targetHints":{"allow":["GET"]}}],"collection":[{"href":"https:\/\/infovera.com.ar\/web\/wp-json\/wp\/v2\/posts"}],"about":[{"href":"https:\/\/infovera.com.ar\/web\/wp-json\/wp\/v2\/types\/post"}],"author":[{"embeddable":true,"href":"https:\/\/infovera.com.ar\/web\/wp-json\/wp\/v2\/users\/3"}],"replies":[{"embeddable":true,"href":"https:\/\/infovera.com.ar\/web\/wp-json\/wp\/v2\/comments?post=61065"}],"version-history":[{"count":0,"href":"https:\/\/infovera.com.ar\/web\/wp-json\/wp\/v2\/posts\/61065\/revisions"}],"wp:featuredmedia":[{"embeddable":true,"href":"https:\/\/infovera.com.ar\/web\/wp-json\/wp\/v2\/media\/61066"}],"wp:attachment":[{"href":"https:\/\/infovera.com.ar\/web\/wp-json\/wp\/v2\/media?parent=61065"}],"wp:term":[{"taxonomy":"category","embeddable":true,"href":"https:\/\/infovera.com.ar\/web\/wp-json\/wp\/v2\/categories?post=61065"},{"taxonomy":"post_tag","embeddable":true,"href":"https:\/\/infovera.com.ar\/web\/wp-json\/wp\/v2\/tags?post=61065"}],"curies":[{"name":"wp","href":"https:\/\/api.w.org\/{rel}","templated":true}]}}