{"id":61062,"date":"2025-04-11T10:35:06","date_gmt":"2025-04-11T13:35:06","guid":{"rendered":"https:\/\/infovera.com.ar\/web\/?p=61062"},"modified":"2025-04-11T10:35:06","modified_gmt":"2025-04-11T13:35:06","slug":"villa-ocampo-la-pdi-detuvo-a-un-hombre-por-microtrafico","status":"publish","type":"post","link":"https:\/\/infovera.com.ar\/web\/2025\/04\/11\/villa-ocampo-la-pdi-detuvo-a-un-hombre-por-microtrafico\/","title":{"rendered":"Villa Ocampo: la PDI detuvo a un hombre por microtr\u00e1fico"},"content":{"rendered":"<p>Fue en marco de tres allanamientos.<\/p>\n<p>La Polic\u00eda de Investigaciones, dependientes del Ministerio de Justicia y Seguridad de la provincia de Santa Fe, detuvo ayer al llamado C.B.A. en el marco de una investigaci\u00f3n por Microtr\u00e1fico en la ciudad de Villa Ocampo.<\/p>\n<p>El Equipo de Microtr\u00e1fico de la Fiscal\u00eda General inici\u00f3 la investigaci\u00f3n, que se enmarca en los objetivos priorizados por el MPA en su Plan de Persecuci\u00f3n Penal, d\u00f3nde efectivos de PDI establecieron que en 3 domicilios de dicha ciudad se estar\u00edan llevando a cabo actividades il\u00edcitas relacionadas con la compra y venta de estupefacientes.<\/p>\n<p>Ayer, por disposici\u00f3n del fiscal a cargo, los efectivos PDI con colaboraci\u00f3n del Departamento Microtr\u00e1fico, GOT URIX Reconquista y GOT URXIX de Vera, realizaron allanamientos en tres domicilios.<\/p>\n<p>En dichos procedimientos secuestraron 1 balanza de precisi\u00f3n, 10 tel\u00e9fonos celulares, $ 620.420, 21.9 gramos de marihuana y 3.4 gramos de coca\u00edna; y aprehendieron al sujeto mencionado.<\/p>\n<p>Por disposici\u00f3n del fiscal Dr. Norberto D\u00edaz, el sospechoso fue trasladado a sede policial en calidad de detenido incomunicado.<\/p>\n","protected":false},"excerpt":{"rendered":"<p>Fue en marco de tres allanamientos. La Polic\u00eda de Investigaciones, dependientes del Ministerio de Justicia y Seguridad de la provincia de Santa Fe, detuvo ayer al llamado C.B.A. en el marco de una investigaci\u00f3n por Microtr\u00e1fico en la ciudad de Villa Ocampo. El Equipo de Microtr\u00e1fico de la Fiscal\u00eda General inici\u00f3 la investigaci\u00f3n, que se [&hellip;]<\/p>\n","protected":false},"author":3,"featured_media":61063,"comment_status":"closed","ping_status":"closed","sticky":false,"template":"","format":"standard","meta":{"_joinchat":[],"footnotes":""},"categories":[30,61],"tags":[],"class_list":{"0":"post-61062","1":"post","2":"type-post","3":"status-publish","4":"format-standard","5":"has-post-thumbnail","7":"category-policiales","8":"category-regionales"},"_links":{"self":[{"href":"https:\/\/infovera.com.ar\/web\/wp-json\/wp\/v2\/posts\/61062","targetHints":{"allow":["GET"]}}],"collection":[{"href":"https:\/\/infovera.com.ar\/web\/wp-json\/wp\/v2\/posts"}],"about":[{"href":"https:\/\/infovera.com.ar\/web\/wp-json\/wp\/v2\/types\/post"}],"author":[{"embeddable":true,"href":"https:\/\/infovera.com.ar\/web\/wp-json\/wp\/v2\/users\/3"}],"replies":[{"embeddable":true,"href":"https:\/\/infovera.com.ar\/web\/wp-json\/wp\/v2\/comments?post=61062"}],"version-history":[{"count":0,"href":"https:\/\/infovera.com.ar\/web\/wp-json\/wp\/v2\/posts\/61062\/revisions"}],"wp:featuredmedia":[{"embeddable":true,"href":"https:\/\/infovera.com.ar\/web\/wp-json\/wp\/v2\/media\/61063"}],"wp:attachment":[{"href":"https:\/\/infovera.com.ar\/web\/wp-json\/wp\/v2\/media?parent=61062"}],"wp:term":[{"taxonomy":"category","embeddable":true,"href":"https:\/\/infovera.com.ar\/web\/wp-json\/wp\/v2\/categories?post=61062"},{"taxonomy":"post_tag","embeddable":true,"href":"https:\/\/infovera.com.ar\/web\/wp-json\/wp\/v2\/tags?post=61062"}],"curies":[{"name":"wp","href":"https:\/\/api.w.org\/{rel}","templated":true}]}}