{"id":61058,"date":"2025-04-11T10:18:36","date_gmt":"2025-04-11T13:18:36","guid":{"rendered":"https:\/\/infovera.com.ar\/web\/?p=61058"},"modified":"2025-04-11T10:18:36","modified_gmt":"2025-04-11T13:18:36","slug":"arranco-la-veda-electoral-en-santa-fe","status":"publish","type":"post","link":"https:\/\/infovera.com.ar\/web\/2025\/04\/11\/arranco-la-veda-electoral-en-santa-fe\/","title":{"rendered":"Arranc\u00f3 la veda electoral en Santa Fe"},"content":{"rendered":"<p>Desde las 8 horas de este viernes no se permite la realizaci\u00f3n de campa\u00f1as electorales en ninguna de las categor\u00edas involucradas en los comicios de este domingo.<\/p>\n<p>A partir de las 8 horas de este viernes 11 de abril comenz\u00f3 la veda electoral en la provincia de Santa Fe de cara a las elecciones del domingo 13 de abril.<\/p>\n<p>Tal como se cumple habitualmente, en las 48 horas previas a la apertura de las mesas de votaci\u00f3n, el Tribunal Electoral Provincial proh\u00edbe la realizaci\u00f3n de campa\u00f1as electorales para convencionales (distrito \u00fanico y departamental), municipales, comunales y concejales.<\/p>\n<p>La veda se extiende hasta las 21 horas del domingo, tres horas despu\u00e9s del cierre de mesas.<\/p>\n<p>La normativa se encuentra establecida por el art\u00edculo 7 de la Ley N\u00b0 6808 modificado por el art\u00edculo 22 de la Ley N\u00b0 12.367. En la medianoche hab\u00eda finalizado tambi\u00e9n la campa\u00f1a electoral radiof\u00f3nica y audiovisual.<\/p>\n<p>En simult\u00e1neo al comienzo de la veda electoral, se puso fin al plazo para solicitar la no emisi\u00f3n del sufragio en municipales y comunales.<\/p>\n<p><strong>Qu\u00e9 se puede y qu\u00e9 no se puede hacer en veda<\/strong><\/p>\n<p>Las reuniones de electoras y electores o el dep\u00f3sito de armas en casas dentro de un radio de ochenta metros alrededor de los lugares de votaci\u00f3n.<\/p>\n<p>Los espect\u00e1culos, fiestas teatrales, actividades deportivas y cualquier reuni\u00f3n p\u00fablica que no se refieran al acto electoral.<\/p>\n<p>El expendio de cualquier clase de bebidas alcoh\u00f3licas (desde 12 horas antes de los comicios).<\/p>\n<p>Ofrecer o entregar boletas de sufragio dentro de un radio de ochenta metros de los sitios de votaci\u00f3n.<\/p>\n<p>La portaci\u00f3n de armas, el uso de banderas, divisas u otros distintivos.<br \/>\nRealizar actos p\u00fablicos de proselitismo<\/p>\n<p>Publicar y difundir encuestas y sondeos preelectorales y de proyecci\u00f3n sobre el resultado.<\/p>\n<p>Abrir los locales partidarios ubicados dentro de un radio de ochenta metros de los puntos de votaci\u00f3n.<\/p>\n<p>Respecto a las redes sociales,\u00a0la provincia de Santa Fe no posee regulaci\u00f3n que proh\u00edba la publicidad durante la veda electoral en plataformas digitales. En Naci\u00f3n si se han controlado cuentas oficiales y partidarias durante los comicios de 2023 en las 48 horas previas<\/p>\n<p><strong>C\u00f3mo seguir\u00e1 la agenda<\/strong><\/p>\n<p>En lo que respecta a las siguientes actividades, la mayor\u00eda afines al plano legal y administrativo, el domingo 20 finalizar el plazo para la presentaci\u00f3n de s\u00edmbolos, emblemas, figuras partidarias y fotograf\u00edas.<\/p>\n<p>Un mes despu\u00e9s del inicio del conteo definitivo, el martes 15 de mayo, cierra el plazo para que los partidos presenten la rendici\u00f3n de cuentas de gastos de campa\u00f1a.<\/p>\n","protected":false},"excerpt":{"rendered":"<p>Desde las 8 horas de este viernes no se permite la realizaci\u00f3n de campa\u00f1as electorales en ninguna de las categor\u00edas involucradas en los comicios de este domingo. A partir de las 8 horas de este viernes 11 de abril comenz\u00f3 la veda electoral en la provincia de Santa Fe de cara a las elecciones del [&hellip;]<\/p>\n","protected":false},"author":3,"featured_media":45166,"comment_status":"closed","ping_status":"closed","sticky":false,"template":"","format":"standard","meta":{"_joinchat":[],"footnotes":""},"categories":[60],"tags":[],"class_list":{"0":"post-61058","1":"post","2":"type-post","3":"status-publish","4":"format-standard","5":"has-post-thumbnail","7":"category-provinciales"},"_links":{"self":[{"href":"https:\/\/infovera.com.ar\/web\/wp-json\/wp\/v2\/posts\/61058","targetHints":{"allow":["GET"]}}],"collection":[{"href":"https:\/\/infovera.com.ar\/web\/wp-json\/wp\/v2\/posts"}],"about":[{"href":"https:\/\/infovera.com.ar\/web\/wp-json\/wp\/v2\/types\/post"}],"author":[{"embeddable":true,"href":"https:\/\/infovera.com.ar\/web\/wp-json\/wp\/v2\/users\/3"}],"replies":[{"embeddable":true,"href":"https:\/\/infovera.com.ar\/web\/wp-json\/wp\/v2\/comments?post=61058"}],"version-history":[{"count":0,"href":"https:\/\/infovera.com.ar\/web\/wp-json\/wp\/v2\/posts\/61058\/revisions"}],"wp:featuredmedia":[{"embeddable":true,"href":"https:\/\/infovera.com.ar\/web\/wp-json\/wp\/v2\/media\/45166"}],"wp:attachment":[{"href":"https:\/\/infovera.com.ar\/web\/wp-json\/wp\/v2\/media?parent=61058"}],"wp:term":[{"taxonomy":"category","embeddable":true,"href":"https:\/\/infovera.com.ar\/web\/wp-json\/wp\/v2\/categories?post=61058"},{"taxonomy":"post_tag","embeddable":true,"href":"https:\/\/infovera.com.ar\/web\/wp-json\/wp\/v2\/tags?post=61058"}],"curies":[{"name":"wp","href":"https:\/\/api.w.org\/{rel}","templated":true}]}}