{"id":61028,"date":"2025-04-10T10:42:39","date_gmt":"2025-04-10T13:42:39","guid":{"rendered":"https:\/\/infovera.com.ar\/web\/?p=61028"},"modified":"2025-04-11T09:58:15","modified_gmt":"2025-04-11T12:58:15","slug":"el-bachometro-de-capello-y-souilhe-los-concejales-piden-informe-del-plan-de-bacheo-2024-por-120-millones","status":"publish","type":"post","link":"https:\/\/infovera.com.ar\/web\/2025\/04\/10\/el-bachometro-de-capello-y-souilhe-los-concejales-piden-informe-del-plan-de-bacheo-2024-por-120-millones\/","title":{"rendered":"El &#8220;bach\u00f3metro&#8221; de Capello y Souilh\u00e9: los concejales piden informe del plan de bacheo 2024 por $ 120 millones"},"content":{"rendered":"<p>En lo que puede denominarse una &#8220;alianza circunstancial&#8221;, los ediles del Socialismo y de Somos Vida se unieron en una gesti\u00f3n de contralor de la obra integral de bacheo en calles de Vera.<\/p>\n<p>Ana Paula Capello y Mario Souilh\u00e9 relevaron el estado cada uno de los sectores ciudadanos que deb\u00edan ser objetos de mejoras por parte del municipio, luego de aprobada en mayo de 2024 una ordenanza en tal sentido.<\/p>\n<p><iframe loading=\"lazy\" title=\"YouTube video player\" src=\"https:\/\/www.youtube.com\/embed\/kejdOaZ7t7g?si=ohFyXjSUXYLPsY8c\" width=\"560\" height=\"315\" frameborder=\"0\" allowfullscreen=\"allowfullscreen\"><\/iframe><\/p>\n<p>Ambos, dejaron registrado en un video su recorrida realizada &#8220;ejerciendo nuestra funci\u00f3n de concejal&#8221;. &#8220;Siendo una de ellas el contralor del Ejecutivo Municipal, junto a la concejal Ana Paula Capello, hemos recorrido los lugares estrat\u00e9gicos que hab\u00edamos marcado en una ordenanza en mayo donde se deb\u00edan realizar tareas de bacheo que comprend\u00edan reemplazar el existente por hormig\u00f3n armado&#8221;, describi\u00f3 Souilh\u00e9.<\/p>\n<p>El representante de Amalia Granata en Vera se\u00f1al\u00f3 que &#8220;desde la recorrida hemos podido observar que <strong>\u00fanicamente el 30 % de las intervenciones que se hicieron fueron con hormig\u00f3n armado, el resto fueron con arena, piedra y brea, arreglos que indudablemente van a durar muy poco&#8221;.<\/strong><\/p>\n<p><strong>Enseguida, lament\u00f3 que &#8220;tengamos que dilapidar recursos que en este caso fueron de la provincia, del programa Obras Menores, en tareas que realmente van a durar muy poco&#8221;, y remarc\u00f3 que &#8220;es nuestra funci\u00f3n como concejal transmitirle esto a la comunidad&#8221;.<\/strong><\/p>\n<p>Por su parte, Capello trajo al presente que &#8220;en la ordenanza N\u00ba 2080, el Ejecutivo Municipal menciona que esta obra p\u00fablica es prioritaria para la ciudad y que la reparaci\u00f3n de baches iba a ser a trav\u00e9s de pavimento y hormig\u00f3n&#8221;, y reproch\u00f3: &#8220;Hoy recorrimos estos 11 lugares y en muchos de ellos <strong>nos encontramos que no est\u00e1n reparados y en otros lugares que no corresponde con el material que declara la ordenanza&#8221;.<\/strong><\/p>\n<p>La representante socialista en el Concejo contextualiz\u00f3 que &#8220;cada ordenanza que se propone y que se aprueba en el Concejo Deliberante (sic) es una responsabilidad que ejercemos los concejales hacia su cumplimiento y tambi\u00e9n hacia la transparencia en la informaci\u00f3n con cada vecino&#8221;.<\/p>\n<p>En el video, explic\u00f3, en &#8220;cada bache vas a encontrar el monto en pesos que sali\u00f3 cada reparaci\u00f3n. Es por eso que vamos a hacer un pedido de informe para tener mayor precisi\u00f3n de esta obra de plan de bacheo y en los plazos que fue ejecutada&#8221;.<\/p>\n<p><strong>Y insisti\u00f3 con que &#8220;en los pr\u00f3ximos d\u00edas estaremos haciendo un pedido de informe para poder saber con mayor precisi\u00f3n qu\u00e9 fue lo que sucedi\u00f3 con esta obra que tiene una gran diferencia del plan escrito y aprobado en el Concejo a la obra ejecutada&#8221;.<\/strong><\/p>\n<p>De esta manera, con esta suerte de &#8220;bach\u00f3metro&#8221;, Capello y Souilh\u00e9 pusieron el foco en la supuesta subejecuci\u00f3n de obras de bacheo por m\u00e1s de<\/p>\n<p>En el detalle, enumeraron que el Plan de Bacheo 2024 aprobado por unanimidad por el Legislativo local consisti\u00f3 en 2 partidas de $ 60 millones cada una.<\/p>\n<p><strong>A modo de ejemplo, filmaron lugares que debieron ser objetos de la intervenci\u00f3n:<\/strong><\/p>\n<p>Calle Col\u00f3n $ 2.730.000<\/p>\n<p>Calle San Mart\u00edn $ 2.340.000<\/p>\n<p>Calle Espa\u00f1a $ 4.680.000<\/p>\n<p>Calle Buenos Aires $ 2.944.500<\/p>\n<p>Calle Moreno, entre Corrientes y Alvear $ 9.898.200<\/p>\n<p>Calle Belgrano y Alvear $ 13.096.000<\/p>\n<p>Calle Rivadavia $ 5.635.500<\/p>\n<p>Calle Corrientes y Ruta 11 $ 655.000<\/p>\n<p>Calle Allende Lezama $ 2.067.000<\/p>\n","protected":false},"excerpt":{"rendered":"<p>En lo que puede denominarse una &#8220;alianza circunstancial&#8221;, los ediles del Socialismo y de Somos Vida se unieron en una gesti\u00f3n de contralor de la obra integral de bacheo en calles de Vera. Ana Paula Capello y Mario Souilh\u00e9 relevaron el estado cada uno de los sectores ciudadanos que deb\u00edan ser objetos de mejoras por [&hellip;]<\/p>\n","protected":false},"author":3,"featured_media":0,"comment_status":"closed","ping_status":"closed","sticky":false,"template":"","format":"standard","meta":{"_joinchat":[],"footnotes":""},"categories":[53],"tags":[],"class_list":{"0":"post-61028","1":"post","2":"type-post","3":"status-publish","4":"format-standard","6":"category-vera"},"_links":{"self":[{"href":"https:\/\/infovera.com.ar\/web\/wp-json\/wp\/v2\/posts\/61028","targetHints":{"allow":["GET"]}}],"collection":[{"href":"https:\/\/infovera.com.ar\/web\/wp-json\/wp\/v2\/posts"}],"about":[{"href":"https:\/\/infovera.com.ar\/web\/wp-json\/wp\/v2\/types\/post"}],"author":[{"embeddable":true,"href":"https:\/\/infovera.com.ar\/web\/wp-json\/wp\/v2\/users\/3"}],"replies":[{"embeddable":true,"href":"https:\/\/infovera.com.ar\/web\/wp-json\/wp\/v2\/comments?post=61028"}],"version-history":[{"count":0,"href":"https:\/\/infovera.com.ar\/web\/wp-json\/wp\/v2\/posts\/61028\/revisions"}],"wp:attachment":[{"href":"https:\/\/infovera.com.ar\/web\/wp-json\/wp\/v2\/media?parent=61028"}],"wp:term":[{"taxonomy":"category","embeddable":true,"href":"https:\/\/infovera.com.ar\/web\/wp-json\/wp\/v2\/categories?post=61028"},{"taxonomy":"post_tag","embeddable":true,"href":"https:\/\/infovera.com.ar\/web\/wp-json\/wp\/v2\/tags?post=61028"}],"curies":[{"name":"wp","href":"https:\/\/api.w.org\/{rel}","templated":true}]}}