{"id":61024,"date":"2025-04-10T10:33:37","date_gmt":"2025-04-10T13:33:37","guid":{"rendered":"https:\/\/infovera.com.ar\/web\/?p=61024"},"modified":"2025-04-11T09:47:51","modified_gmt":"2025-04-11T12:47:51","slug":"vera-el-municipio-no-descontara-el-dia-a-quienes-adhieren-al-paro","status":"publish","type":"post","link":"https:\/\/infovera.com.ar\/web\/2025\/04\/10\/vera-el-municipio-no-descontara-el-dia-a-quienes-adhieren-al-paro\/","title":{"rendered":"Vera: el municipio no descontar\u00e1 el d\u00eda a quienes adhieren al paro"},"content":{"rendered":"<p>A ra\u00edz de los rumores surgidos en la jornada del mi\u00e9rcoles respecto que el gobierno municipal de Vera descontar\u00eda el d\u00eda de trabajo a los empleados que adhieran al paro general, el secretario de Hacienda Paulo Dodorico descart\u00f3 de plano esa versi\u00f3n.<\/p>\n<p>El funcionario dijo a <strong>InfoVera: &#8220;<\/strong>No, nunca se le descont\u00f3 a nadie que se haya adherido a un paro&#8221;.<\/p>\n","protected":false},"excerpt":{"rendered":"<p>A ra\u00edz de los rumores surgidos en la jornada del mi\u00e9rcoles respecto que el gobierno municipal de Vera descontar\u00eda el d\u00eda de trabajo a los empleados que adhieran al paro general, el secretario de Hacienda Paulo Dodorico descart\u00f3 de plano esa versi\u00f3n. El funcionario dijo a InfoVera: &#8220;No, nunca se le descont\u00f3 a nadie que [&hellip;]<\/p>\n","protected":false},"author":3,"featured_media":61025,"comment_status":"closed","ping_status":"closed","sticky":false,"template":"","format":"standard","meta":{"_joinchat":[],"footnotes":""},"categories":[53],"tags":[],"class_list":{"0":"post-61024","1":"post","2":"type-post","3":"status-publish","4":"format-standard","5":"has-post-thumbnail","7":"category-vera"},"_links":{"self":[{"href":"https:\/\/infovera.com.ar\/web\/wp-json\/wp\/v2\/posts\/61024","targetHints":{"allow":["GET"]}}],"collection":[{"href":"https:\/\/infovera.com.ar\/web\/wp-json\/wp\/v2\/posts"}],"about":[{"href":"https:\/\/infovera.com.ar\/web\/wp-json\/wp\/v2\/types\/post"}],"author":[{"embeddable":true,"href":"https:\/\/infovera.com.ar\/web\/wp-json\/wp\/v2\/users\/3"}],"replies":[{"embeddable":true,"href":"https:\/\/infovera.com.ar\/web\/wp-json\/wp\/v2\/comments?post=61024"}],"version-history":[{"count":0,"href":"https:\/\/infovera.com.ar\/web\/wp-json\/wp\/v2\/posts\/61024\/revisions"}],"wp:featuredmedia":[{"embeddable":true,"href":"https:\/\/infovera.com.ar\/web\/wp-json\/wp\/v2\/media\/61025"}],"wp:attachment":[{"href":"https:\/\/infovera.com.ar\/web\/wp-json\/wp\/v2\/media?parent=61024"}],"wp:term":[{"taxonomy":"category","embeddable":true,"href":"https:\/\/infovera.com.ar\/web\/wp-json\/wp\/v2\/categories?post=61024"},{"taxonomy":"post_tag","embeddable":true,"href":"https:\/\/infovera.com.ar\/web\/wp-json\/wp\/v2\/tags?post=61024"}],"curies":[{"name":"wp","href":"https:\/\/api.w.org\/{rel}","templated":true}]}}