{"id":60972,"date":"2025-04-08T17:23:10","date_gmt":"2025-04-08T20:23:10","guid":{"rendered":"https:\/\/infovera.com.ar\/web\/?p=60972"},"modified":"2025-04-09T11:08:22","modified_gmt":"2025-04-09T14:08:22","slug":"capacitacion-para-personal-de-los-pumas","status":"publish","type":"post","link":"https:\/\/infovera.com.ar\/web\/2025\/04\/08\/capacitacion-para-personal-de-los-pumas\/","title":{"rendered":"Capacitaci\u00f3n para personal de Los Pumas"},"content":{"rendered":"<p>Se realiz\u00f3 en la sede de la Direcci\u00f3n General de Seguridad Rural &#8220;Los Pumas&#8221;, ubicada en Santa Felicia, una capacitaci\u00f3n para el personal que integra esta Direcci\u00f3n General.<\/p>\n<p>Un alto nivel de capacitaci\u00f3n y una actitud comprometida en la prestaci\u00f3n del servicio son condiciones indispensables para que la polic\u00eda cumpla correctamente con sus funciones.<\/p>\n<p>Es en este marco, que se realizan capacitaciones permanentes en la Direcci\u00f3n General de Seguridad Rural \u201cLos Pumas\u201d, impulsadas por el \u00c1rea Curso y Capacitaciones perteneciente a Divisi\u00f3n Personal de esta Instituci\u00f3n a cargo de la subdirector de Polic\u00eda Schmidt Natalia Soledad.<\/p>\n<p>En esta oportunidad, se dict\u00f3 Jornada de Primeros Auxilios y Control de Hemorragias.*En la presente jornada disert\u00f3 Personal del Grupo de Operaciones T\u00e1cticas (G.O.T) a cargo del Inspector Acu\u00f1a Claudio.<\/p>\n<p><a href=\"https:\/\/infovera.com.ar\/web\/wp-content\/uploads\/2025\/04\/WhatsApp-Image-2025-04-08-at-11.38.02.jpeg\"><img loading=\"lazy\" decoding=\"async\" class=\"alignleft size-full wp-image-60974\" src=\"https:\/\/infovera.com.ar\/web\/wp-content\/uploads\/2025\/04\/WhatsApp-Image-2025-04-08-at-11.38.02.jpeg\" alt=\"\" width=\"1280\" height=\"960\" srcset=\"https:\/\/infovera.com.ar\/web\/wp-content\/uploads\/2025\/04\/WhatsApp-Image-2025-04-08-at-11.38.02.jpeg 1280w, https:\/\/infovera.com.ar\/web\/wp-content\/uploads\/2025\/04\/WhatsApp-Image-2025-04-08-at-11.38.02-696x522.jpeg 696w, https:\/\/infovera.com.ar\/web\/wp-content\/uploads\/2025\/04\/WhatsApp-Image-2025-04-08-at-11.38.02-1068x801.jpeg 1068w, https:\/\/infovera.com.ar\/web\/wp-content\/uploads\/2025\/04\/WhatsApp-Image-2025-04-08-at-11.38.02-560x420.jpeg 560w, https:\/\/infovera.com.ar\/web\/wp-content\/uploads\/2025\/04\/WhatsApp-Image-2025-04-08-at-11.38.02-80x60.jpeg 80w, https:\/\/infovera.com.ar\/web\/wp-content\/uploads\/2025\/04\/WhatsApp-Image-2025-04-08-at-11.38.02-265x198.jpeg 265w\" sizes=\"auto, (max-width: 1280px) 100vw, 1280px\" \/><\/a><\/p>\n","protected":false},"excerpt":{"rendered":"<p>Se realiz\u00f3 en la sede de la Direcci\u00f3n General de Seguridad Rural &#8220;Los Pumas&#8221;, ubicada en Santa Felicia, una capacitaci\u00f3n para el personal que integra esta Direcci\u00f3n General. Un alto nivel de capacitaci\u00f3n y una actitud comprometida en la prestaci\u00f3n del servicio son condiciones indispensables para que la polic\u00eda cumpla correctamente con sus funciones. Es [&hellip;]<\/p>\n","protected":false},"author":3,"featured_media":60973,"comment_status":"closed","ping_status":"closed","sticky":false,"template":"","format":"standard","meta":{"_joinchat":[],"footnotes":""},"categories":[53],"tags":[],"class_list":{"0":"post-60972","1":"post","2":"type-post","3":"status-publish","4":"format-standard","5":"has-post-thumbnail","7":"category-vera"},"_links":{"self":[{"href":"https:\/\/infovera.com.ar\/web\/wp-json\/wp\/v2\/posts\/60972","targetHints":{"allow":["GET"]}}],"collection":[{"href":"https:\/\/infovera.com.ar\/web\/wp-json\/wp\/v2\/posts"}],"about":[{"href":"https:\/\/infovera.com.ar\/web\/wp-json\/wp\/v2\/types\/post"}],"author":[{"embeddable":true,"href":"https:\/\/infovera.com.ar\/web\/wp-json\/wp\/v2\/users\/3"}],"replies":[{"embeddable":true,"href":"https:\/\/infovera.com.ar\/web\/wp-json\/wp\/v2\/comments?post=60972"}],"version-history":[{"count":0,"href":"https:\/\/infovera.com.ar\/web\/wp-json\/wp\/v2\/posts\/60972\/revisions"}],"wp:featuredmedia":[{"embeddable":true,"href":"https:\/\/infovera.com.ar\/web\/wp-json\/wp\/v2\/media\/60973"}],"wp:attachment":[{"href":"https:\/\/infovera.com.ar\/web\/wp-json\/wp\/v2\/media?parent=60972"}],"wp:term":[{"taxonomy":"category","embeddable":true,"href":"https:\/\/infovera.com.ar\/web\/wp-json\/wp\/v2\/categories?post=60972"},{"taxonomy":"post_tag","embeddable":true,"href":"https:\/\/infovera.com.ar\/web\/wp-json\/wp\/v2\/tags?post=60972"}],"curies":[{"name":"wp","href":"https:\/\/api.w.org\/{rel}","templated":true}]}}