{"id":60969,"date":"2025-04-08T14:36:05","date_gmt":"2025-04-08T17:36:05","guid":{"rendered":"https:\/\/infovera.com.ar\/web\/?p=60969"},"modified":"2025-04-09T08:00:20","modified_gmt":"2025-04-09T11:00:20","slug":"reconquista-el-presunto-asesino-del-remisero-fue-imputado-con-prision-preventiva-con-reservas","status":"publish","type":"post","link":"https:\/\/infovera.com.ar\/web\/2025\/04\/08\/reconquista-el-presunto-asesino-del-remisero-fue-imputado-con-prision-preventiva-con-reservas\/","title":{"rendered":"Reconquista: el presunto asesino del remisero fue imputado con prisi\u00f3n preventiva con reservas"},"content":{"rendered":"<p>Joaqu\u00edn &#8220;Zorrito&#8221; Carrizo fue encartado bajo la figura de criminis causa. Los fiscales le atribuyeron el sangriento crimen de Juan Carlos Mart\u00ednez. Sufre un retraso mental, por lo que una junta especial dictaminar\u00e1 su capacidad para afrontar el proceso en su contra.<\/p>\n<p>Los fiscales Juan Carlos Koguc y Sebasti\u00e1n Marichal imputaron Joaqu\u00edn &#8220;Zorrito&#8221; Carrizo (23) por el asesinato a pu\u00f1aladas del remisero Juan Carlos Mart\u00ednez (66), que tuvo lugar en la madrugada del s\u00e1bado 5 de abril pasado.<\/p>\n<p>Los representantes de la Unidad Fiscal Reconquista del MPA encuadraron el delito de sangre en la figura penal de homicidio criminis causa. Se trata de aquel crimen cometido para facilitar, preparar, consumar u ocultar otro delito, o para para asegurar los resultados del delito o para obtener impunidad.<\/p>\n<p>En el caso de este joven con abultado prontuario policial, en la audiencia imputativa presidida por el juez penal Santiago Banegas, los acusadores de turno le atribuyeron que tras tomar el remis en la parada de la empresa Cordial y llegar al barrio La Cortada, utiliz\u00f3 un cuchillo cabo de madera de unos 31 cent\u00edmetros de largo para asestarle dentro del auto dos estocadas mortales a la v\u00edctima.<\/p>\n<p>Y, de esa forma, asegurar la sustracci\u00f3n de dinero en efectivo -no se pudo precisar el monto- y un tel\u00e9fono m\u00f3vil Samsung, de uso personal de Mart\u00ednez. Posteriormente se dio a la fuga con el bot\u00edn conseguido.<\/p>\n<p>Las pu\u00f1aladas en el cuello generaron un corte en la vena yugular y en la arteria car\u00f3tida derecha y le provocaron de forma inmediata la muerte a Mart\u00ednez por shock hipovol\u00e9mico. Muri\u00f3 desangrado, con el arma homicida en una de sus manos. Mientras que su agresor no registr\u00f3 ninguna herida, lo que habla de lo artero del ataque.<\/p>\n<p><strong>Antecedentes<\/strong><\/p>\n<p>Una vez concluido ese paso procesal, las partes se abocaron al debate por la medida cautelar. Los doctores Koguc y Marichal acordaron con la defensora p\u00fablica No\u00e9 Severo que recaiga sobre el acusado prisi\u00f3n preventiva por el plazo de ley. Esta \u00faltima formul\u00f3 pedido de reservas para que se le practique a su defendido una nueva pericia psiqui\u00e1trica y que en el caso de que obren en la investigaci\u00f3n declaraciones tomadas a menores de edad como testigos, sean desestimadas.<\/p>\n<p>El \u201cZorrito\u201d Carrizo fue examinado por una profesional de la psicolog\u00eda previo a las audiencias que debi\u00f3 enfrentar en el mediod\u00eda del viernes en una de salas de la OGJ, en los Tribunales de Reconquista. Sin embargo, la defensora Severo solicit\u00f3 que vuelva a ser revisado por una junta de salud mental, de manera de determinar si es capaz de comprender y afrontar el proceso penal que se sigue en su contra.<\/p>\n<p>Con lo cual todas las actuaciones quedaron supeditadas a ese examen, que el juez Banegas pidi\u00f3 que se realice a la mayor brevedad.<\/p>\n<p>Fuentes judiciales dejaron entrever, ante la posibilidad de que pueda ser declarado inimputable por el retraso mental m\u00ednimo que presenta, que ser\u00e1 muy dif\u00edcil que pueda prosperar esa moci\u00f3n defensiva teniendo en cuenta que ya fue condenado en 2023 en un juicio abreviado a 2 a\u00f1os de prisi\u00f3n por numerosos hechos contra la propiedad.<\/p>\n<p><strong>Pedido de justicia<\/strong><\/p>\n<p>En el primer piso de la sede judicial estuvieron presentes familiares del remisero Mart\u00ednez, mientras que en la explanada del Palacio se manifestaron allegados suyos con carteles que llevaban impresas las leyendas: \u201cJusticia por Juan Carlos\u201d y \u201cNo est\u00e1n matando\u201d.<\/p>\n","protected":false},"excerpt":{"rendered":"<p>Joaqu\u00edn &#8220;Zorrito&#8221; Carrizo fue encartado bajo la figura de criminis causa. Los fiscales le atribuyeron el sangriento crimen de Juan Carlos Mart\u00ednez. Sufre un retraso mental, por lo que una junta especial dictaminar\u00e1 su capacidad para afrontar el proceso en su contra. Los fiscales Juan Carlos Koguc y Sebasti\u00e1n Marichal imputaron Joaqu\u00edn &#8220;Zorrito&#8221; Carrizo (23) [&hellip;]<\/p>\n","protected":false},"author":3,"featured_media":60970,"comment_status":"closed","ping_status":"closed","sticky":false,"template":"","format":"standard","meta":{"_joinchat":[],"footnotes":""},"categories":[30,55,61],"tags":[],"class_list":{"0":"post-60969","1":"post","2":"type-post","3":"status-publish","4":"format-standard","5":"has-post-thumbnail","7":"category-policiales","8":"category-reconquista","9":"category-regionales"},"_links":{"self":[{"href":"https:\/\/infovera.com.ar\/web\/wp-json\/wp\/v2\/posts\/60969","targetHints":{"allow":["GET"]}}],"collection":[{"href":"https:\/\/infovera.com.ar\/web\/wp-json\/wp\/v2\/posts"}],"about":[{"href":"https:\/\/infovera.com.ar\/web\/wp-json\/wp\/v2\/types\/post"}],"author":[{"embeddable":true,"href":"https:\/\/infovera.com.ar\/web\/wp-json\/wp\/v2\/users\/3"}],"replies":[{"embeddable":true,"href":"https:\/\/infovera.com.ar\/web\/wp-json\/wp\/v2\/comments?post=60969"}],"version-history":[{"count":0,"href":"https:\/\/infovera.com.ar\/web\/wp-json\/wp\/v2\/posts\/60969\/revisions"}],"wp:featuredmedia":[{"embeddable":true,"href":"https:\/\/infovera.com.ar\/web\/wp-json\/wp\/v2\/media\/60970"}],"wp:attachment":[{"href":"https:\/\/infovera.com.ar\/web\/wp-json\/wp\/v2\/media?parent=60969"}],"wp:term":[{"taxonomy":"category","embeddable":true,"href":"https:\/\/infovera.com.ar\/web\/wp-json\/wp\/v2\/categories?post=60969"},{"taxonomy":"post_tag","embeddable":true,"href":"https:\/\/infovera.com.ar\/web\/wp-json\/wp\/v2\/tags?post=60969"}],"curies":[{"name":"wp","href":"https:\/\/api.w.org\/{rel}","templated":true}]}}