{"id":60966,"date":"2025-04-08T11:22:27","date_gmt":"2025-04-08T14:22:27","guid":{"rendered":"https:\/\/infovera.com.ar\/web\/?p=60966"},"modified":"2025-04-08T17:23:52","modified_gmt":"2025-04-08T20:23:52","slug":"murio-un-hombre-tras-incendiarse-su-vivienda-en-vera","status":"publish","type":"post","link":"https:\/\/infovera.com.ar\/web\/2025\/04\/08\/murio-un-hombre-tras-incendiarse-su-vivienda-en-vera\/","title":{"rendered":"Muri\u00f3 un hombre tras incendiarse su vivienda en Vera"},"content":{"rendered":"<p>Siendo las 8,50 horas de fecha 08\/04\/2025, operadora en turno de la Secci\u00f3n Comando Radioel\u00e9ctrico URXIX, recibe un alerta sobre incendio en una vivienda sita en calle Urquiza entre sus similares calle Colon y Juan de Garay de esta ciudad de Vera, de inmediato se constituyen personal Bomberos Zapadores dependiente de la Direcci\u00f3n General de Bomberos; personal policial de la Secci\u00f3n Comando Radioel\u00e9ctrico; sofocado el foco \u00edgneo constatan en el interior de la finca un persona sin vida; identificado el occiso, un hombre de 42 a\u00f1os de edad. Convocados grupo t\u00e9cnico criminal\u00edstico y m\u00e9dico policial en turno. Interviene UFI N\u00ba 4-Vera.-<\/p>\n","protected":false},"excerpt":{"rendered":"<p>Siendo las 8,50 horas de fecha 08\/04\/2025, operadora en turno de la Secci\u00f3n Comando Radioel\u00e9ctrico URXIX, recibe un alerta sobre incendio en una vivienda sita en calle Urquiza entre sus similares calle Colon y Juan de Garay de esta ciudad de Vera, de inmediato se constituyen personal Bomberos Zapadores dependiente de la Direcci\u00f3n General de [&hellip;]<\/p>\n","protected":false},"author":3,"featured_media":60967,"comment_status":"closed","ping_status":"closed","sticky":false,"template":"","format":"standard","meta":{"_joinchat":[],"footnotes":""},"categories":[30,53],"tags":[],"class_list":{"0":"post-60966","1":"post","2":"type-post","3":"status-publish","4":"format-standard","5":"has-post-thumbnail","7":"category-policiales","8":"category-vera"},"_links":{"self":[{"href":"https:\/\/infovera.com.ar\/web\/wp-json\/wp\/v2\/posts\/60966","targetHints":{"allow":["GET"]}}],"collection":[{"href":"https:\/\/infovera.com.ar\/web\/wp-json\/wp\/v2\/posts"}],"about":[{"href":"https:\/\/infovera.com.ar\/web\/wp-json\/wp\/v2\/types\/post"}],"author":[{"embeddable":true,"href":"https:\/\/infovera.com.ar\/web\/wp-json\/wp\/v2\/users\/3"}],"replies":[{"embeddable":true,"href":"https:\/\/infovera.com.ar\/web\/wp-json\/wp\/v2\/comments?post=60966"}],"version-history":[{"count":0,"href":"https:\/\/infovera.com.ar\/web\/wp-json\/wp\/v2\/posts\/60966\/revisions"}],"wp:featuredmedia":[{"embeddable":true,"href":"https:\/\/infovera.com.ar\/web\/wp-json\/wp\/v2\/media\/60967"}],"wp:attachment":[{"href":"https:\/\/infovera.com.ar\/web\/wp-json\/wp\/v2\/media?parent=60966"}],"wp:term":[{"taxonomy":"category","embeddable":true,"href":"https:\/\/infovera.com.ar\/web\/wp-json\/wp\/v2\/categories?post=60966"},{"taxonomy":"post_tag","embeddable":true,"href":"https:\/\/infovera.com.ar\/web\/wp-json\/wp\/v2\/tags?post=60966"}],"curies":[{"name":"wp","href":"https:\/\/api.w.org\/{rel}","templated":true}]}}