{"id":60241,"date":"2025-04-08T08:15:04","date_gmt":"2025-04-08T11:15:04","guid":{"rendered":"https:\/\/infovera.com.ar\/web\/?p=60241"},"modified":"2025-04-08T08:15:04","modified_gmt":"2025-04-08T11:15:04","slug":"puccini-a-los-gremios-les-molesta-las-medidas-que-estamos-tomando-en-la-epe","status":"publish","type":"post","link":"https:\/\/infovera.com.ar\/web\/2025\/04\/08\/puccini-a-los-gremios-les-molesta-las-medidas-que-estamos-tomando-en-la-epe\/","title":{"rendered":"Puccini: \u201cA los gremios les molesta las medidas que estamos tomando en la EPE\u201d"},"content":{"rendered":"<p>En conferencia de prensa, el ministro de Desarrollo Productivo de la Provincia se refiri\u00f3 al anuncio de la medida de fuerza por parte del Sindicato de Luz y Fuerza-filial Santa Fe. En ese marco, el ministro asegur\u00f3 que \u201cnosotros hemos sido claros respecto de la gesti\u00f3n de las empresas p\u00fablicas y quiz\u00e1s algunas medidas les molestan a los gremios, no a los trabajadores\u201d.<\/p>\n<p>El ministro de Desarrollo Productivo, Gustavo Puccini, realiz\u00f3 este lunes en Rosario declaraciones a la prensa en el marco de la presentaci\u00f3n -junto con el Gobernador Maximiliano Pullaro- del calendario de acciones de promoci\u00f3n comercial y atracci\u00f3n de inversiones previsto para el a\u00f1o 2025 por parte del Gobierno provincial.<\/p>\n<p>En la oportunidad, el funcionario fue consultado sobre la medida de fuerza anunciada por el Sindicato de Luz y Fuerza-filial Santa Fe.<\/p>\n<p>\u201cNosotros estamos llevando a cabo un proceso de digitalizaci\u00f3n en el \u00e1mbito de la Administraci\u00f3n P\u00fablica para que los tr\u00e1mites sean menos burocr\u00e1ticos para cada usuario. En el caso de la EPE estamos colocando m\u00e1s telemedidores que permiten ver online el consumo y este a\u00f1o queremos comprar 150 mil m\u00e1s\u201d, aclar\u00f3 el ministro.<\/p>\n<p>\u201cEste es un gobierno que escucha -dijo Puccini-, que convoca a las mesas de trabajo y a las paritarias a cada uno de los gremios. Quiero aclarar que el gremio de Luz y Fuerza est\u00e1 representado en el directorio de la empresa. Adem\u00e1s, de la reuni\u00f3n en la que se discutieron distintos temas y salarios particip\u00f3, de manera in\u00e9dita, la presidenta de la EPE -Anah\u00ed Rodr\u00edguez-, junto con integrantes del directorio, para escuchar los reclamos del sector\u201d.<\/p>\n<p>En esa l\u00ednea, el funcionario record\u00f3 que \u201cdistintos gremios nos pidieron una reuni\u00f3n en estos d\u00edas. Entiendo que no todos los gremios est\u00e1n en la misma sinton\u00eda y, por temas de agenda, no hemos podido concretarlas. Tampoco, l\u00f3gicamente, quisimos que esas reuniones coincidieran con la previa a una elecci\u00f3n provincial. Pero en este caso la tendremos el martes para escuchar las posiciones de los gremios\u201d, adelant\u00f3<\/p>\n<p>Seguidamente, el ministro de Desarrollo Productivo se\u00f1al\u00f3 que \u201cnosotros hemos sido muy claros respecto del rumbo que tomamos en relaci\u00f3n con la gesti\u00f3n de las empresas p\u00fablicas de la provincia y, quiz\u00e1s, algunas de estas medidas molestan, no a los trabajadores pero s\u00ed, probablemente, a los gremios\u201d, afirm\u00f3.<\/p>\n<p>En ese marco, Puccini detall\u00f3 \u201clas formas de ingreso que modificamos y los sistemas de control con huellas biom\u00e9tricas en cada una de las sucursales de la provincia; el control de las horas extras, luego de haber detectado anomal\u00edas que estamos corrigiendo; licitaciones en la compra de uniformes que nos llamaron mucho la atenci\u00f3n ya que se adquiri\u00f3 ropa ign\u00edfuga que no cumple con las certificaciones reglamentarias, irregularidad que detect\u00f3 el propio Ministerio de Desarrollo Productivo y que motiv\u00f3 una investigaci\u00f3n y el inicio de un proceso sumarial; es decir, estamos trabajando para que la EPE sea una empresa eficiente y que no falten inversiones\u201d, destac\u00f3.<\/p>\n<p>\u201cEsta es la empresa que queremos y por la que estamos trabajando. Y sabemos que hay muchos trabajadores de la EPE que est\u00e1n a favor de estas medidas\u201d, concluy\u00f3 Puccini.<\/p>\n","protected":false},"excerpt":{"rendered":"<p>En conferencia de prensa, el ministro de Desarrollo Productivo de la Provincia se refiri\u00f3 al anuncio de la medida de fuerza por parte del Sindicato de Luz y Fuerza-filial Santa Fe. En ese marco, el ministro asegur\u00f3 que \u201cnosotros hemos sido claros respecto de la gesti\u00f3n de las empresas p\u00fablicas y quiz\u00e1s algunas medidas les [&hellip;]<\/p>\n","protected":false},"author":3,"featured_media":60242,"comment_status":"closed","ping_status":"closed","sticky":false,"template":"","format":"standard","meta":{"_joinchat":[],"footnotes":""},"categories":[60],"tags":[],"class_list":{"0":"post-60241","1":"post","2":"type-post","3":"status-publish","4":"format-standard","5":"has-post-thumbnail","7":"category-provinciales"},"_links":{"self":[{"href":"https:\/\/infovera.com.ar\/web\/wp-json\/wp\/v2\/posts\/60241","targetHints":{"allow":["GET"]}}],"collection":[{"href":"https:\/\/infovera.com.ar\/web\/wp-json\/wp\/v2\/posts"}],"about":[{"href":"https:\/\/infovera.com.ar\/web\/wp-json\/wp\/v2\/types\/post"}],"author":[{"embeddable":true,"href":"https:\/\/infovera.com.ar\/web\/wp-json\/wp\/v2\/users\/3"}],"replies":[{"embeddable":true,"href":"https:\/\/infovera.com.ar\/web\/wp-json\/wp\/v2\/comments?post=60241"}],"version-history":[{"count":0,"href":"https:\/\/infovera.com.ar\/web\/wp-json\/wp\/v2\/posts\/60241\/revisions"}],"wp:featuredmedia":[{"embeddable":true,"href":"https:\/\/infovera.com.ar\/web\/wp-json\/wp\/v2\/media\/60242"}],"wp:attachment":[{"href":"https:\/\/infovera.com.ar\/web\/wp-json\/wp\/v2\/media?parent=60241"}],"wp:term":[{"taxonomy":"category","embeddable":true,"href":"https:\/\/infovera.com.ar\/web\/wp-json\/wp\/v2\/categories?post=60241"},{"taxonomy":"post_tag","embeddable":true,"href":"https:\/\/infovera.com.ar\/web\/wp-json\/wp\/v2\/tags?post=60241"}],"curies":[{"name":"wp","href":"https:\/\/api.w.org\/{rel}","templated":true}]}}