{"id":60237,"date":"2025-04-07T22:35:01","date_gmt":"2025-04-08T01:35:01","guid":{"rendered":"https:\/\/infovera.com.ar\/web\/?p=60237"},"modified":"2025-04-08T11:23:17","modified_gmt":"2025-04-08T14:23:17","slug":"la-provincia-avanzaria-con-un-jury-contra-que-el-juez-libero-al-asesino-del-remisero-de-reconquista","status":"publish","type":"post","link":"https:\/\/infovera.com.ar\/web\/2025\/04\/07\/la-provincia-avanzaria-con-un-jury-contra-que-el-juez-libero-al-asesino-del-remisero-de-reconquista\/","title":{"rendered":"La provincia avanzar\u00eda con un jury contra el juez que liber\u00f3 al asesino del remisero de Reconquista"},"content":{"rendered":"<p>Lo adelant\u00f3 el ministro de Gobierno, Fabi\u00e1n Bast\u00eda. Calific\u00f3 el accionar del Dr. Mauricio Martelossi como &#8220;ineficiente e irresponsable&#8221;. Y tild\u00f3 de &#8220;oportunismo pol\u00edtico&#8221; los dichos del intendente Vallejos sobre falta de polic\u00edas.<\/p>\n<p>Los coletazos pol\u00edticos, judiciales y sociales no paran de sucederse tras las conmoci\u00f3n comunitaria desatada por el sangriento crimen del remisero Juan Carlos Mart\u00ednez (66), degollado en pleno horario de trabajo nocturno por un joven con profuso antecedentes penales, ya detenido.<\/p>\n<p>En la tarde del lunes, el ministro de Gobierno de la provincia, Fabi\u00e1n Bast\u00eda, se sumo a las fuertes cr\u00edticas que tienen como blanco a la justicia norte\u00f1a por lo que describi\u00f3 como una mirada garantista.<\/p>\n<p>El titular de la cartera pol\u00edtica expres\u00f3 primeramente su acompa\u00f1amiento a la familia de la v\u00edctima y \u201ca todos los vecinos tambi\u00e9n porque la gente de bien parece que tiene que estar encerrada mientras los delincuentes est\u00e1n libres\u201d.<\/p>\n<p>Acto seguido, fustig\u00f3: \u201cEstamos cansados del garantismo, cansados de estas pol\u00edticas zafaronianas que algunos jueces siguen empe\u00f1ados en llevar adelante. Esto causa mucha indignaci\u00f3n. Nosotros de ninguna manera toleramos estos accionares. El juez (Mauricio) Martelossi ha actuado irresponsablemente porque el 23 de marzo a este se\u00f1or Carrizo, asesino en potencia, se le pidi\u00f3 la preventiva porque hab\u00eda sido aprehendido\u201d, porque la polic\u00eda ha trabajado bien, porque en muchas oportunidades lo hab\u00edan aprehendido por distintos hechos, distintos casos.<\/p>\n<p>Bast\u00eda no ocult\u00f3 su malestar y asegur\u00f3 que \u201cnos llena de indignaci\u00f3n que se sigan aplicando estas pol\u00edticas garantistas y que le hayan dado la libertad y hayan consentido el pedido que hizo el abogado de este delincuente, de este asesino, y creemos que la justicia va a tener que dar respuesta y especialmente y particularmente el juez Martelossi va a tener que explicar, que a mi juicio le cabe un jury (de enjuiciamiento), y dar respuestas de su ineficiente accionar e irresponsable\u201d.<\/p>\n<p><strong>Vida robada<\/strong><\/p>\n<p>El ministro lament\u00f3 la muerte del trabajador, enfatiz\u00f3 que \u201cse han robado una vida\u201d, y sentenci\u00f3 que \u201cnos molesta mucho que se haya hecho oportunismo pol\u00edtico, que se haya pretendido echarle la culpa a la polic\u00eda cuando fue quien lo detuvo much\u00edsimas veces, que se le pretenda distraer las responsabilidades, ac\u00e1 hay que focalizar bien y tener claro tambi\u00e9n no s\u00f3lo que el oportunismo pol\u00edtico con el dolor est\u00e1 muy mal\u201d.<\/p>\n<p>A esa altura de sus declaraciones a RadioHoy, le puso identidad a su diatriba: \u201cLo que ha hecho el intendente Reconquista y algunos actores vinculados es muy reprochable, pero sobre todo que \u00e9l conoce bien qui\u00e9n es el abogado de Carrizo porque es el abogado de la Municipalidad\u201d, y aprovech\u00f3 para mandarle un mensaje: \u201cAs\u00ed que claramente creo que en vez de buscar sacar ventaja del dolor, lo que tiene que hacer es empezar a corregir muchos accionares y tambi\u00e9n a quien tiene de colaboradores y tambi\u00e9n hacer una ciudad m\u00e1s segura\u201d. \u201cPero, sobre todo ac\u00e1 la justicia ha cometido un error grav\u00edsimo como lo han cometido en otras instancias, en otros momentos y en otros lugares\u201d, insisti\u00f3.<\/p>\n<p><strong>Polic\u00edas<\/strong><\/p>\n<p>La pol\u00e9mica por la supuesta -y desmentida quita de polic\u00edas a Reconquista- fue rechazada de plano por Bast\u00eda: \u201cEs una absoluta mentira, como tantas otras que ha dicho el intendente y si \u00e9l cree que siendo un oportunista y tirando comentarios sin ning\u00fan fundamento y sin datos le hace bien a la ciudadan\u00eda se equivoca; los problemas de la sociedad se resuelven trabajando mucho y poniendo voluntad y haciendo el esfuerzo en com\u00fan, hoy la regional tiene m\u00e1s polic\u00edas que cuando asumimos, tiene much\u00edsima m\u00e1s movilidad tanto la ciudad de Reconquista, como la de Avellaneda y como toda la regi\u00f3n, tiene much\u00edsima m\u00e1s inversi\u00f3n y lo que tiene tambi\u00e9n m\u00e1s policiamiento en calle\u201d.<\/p>\n<p>En el mismo tono, recomend\u00f3 a Vallejos que \u201cser\u00eda bueno que el municipio se ocupe de tener una ciudad m\u00e1s segura, que brinde condiciones m\u00e1s amigables para la ciudadan\u00eda, que invierta en luminarias, que tenga en condiciones determinados lugares que hacen m\u00e1s seguro el funcionamiento de una vida social, amigable con el ambiente\u201d, pero \u201cel oportunismo, el deseo de sacar ventaja, el no tener l\u00edmites y usar cualquier hecho y el m\u00e1s doloroso como este, compararse arriba una campa\u00f1a desde el dolor de una v\u00edctima, de una familia de la v\u00edctima, de la familia, la verdad que es para nosotros reprochable\u201d.<\/p>\n<p><strong>Juez y abogados<\/strong><\/p>\n<p>Por \u00faltimo, el funcionario volvi\u00f3 a decir que \u201cel juez Martelossi le tendr\u00e1 que dar explicaciones a la sociedad y esperemos que en un jury, como a mi juicio corresponde\u201d, al tiempo que desliz\u00f3 que &#8220;el intendente Vallejos conoce muy bien al defensor, al abogado de Carrizo, porque es el abogado tambi\u00e9n -con otros asociados- de su Municipalidad. As\u00ed que bueno, creo que tiene que empezar por casa a empezar a dar el ejemplo y rodearse de gente que trabaja para la ciudadan\u00eda y no que trabaja \u00a0para sus intereses.<\/p>\n<p><strong>&#8211; \u00bfQui\u00e9n va a hacer la denuncia para abrir el posible jury para el juez?\u00a0<\/strong><\/p>\n<p>&#8211; Eso lo vamos a hablar con el ministro de Seguridad y Justicia, con el doctor Cococcioni, pero claramente esta conducta debe dar explicaciones.<\/p>\n","protected":false},"excerpt":{"rendered":"<p>Lo adelant\u00f3 el ministro de Gobierno, Fabi\u00e1n Bast\u00eda. Calific\u00f3 el accionar del Dr. Mauricio Martelossi como &#8220;ineficiente e irresponsable&#8221;. Y tild\u00f3 de &#8220;oportunismo pol\u00edtico&#8221; los dichos del intendente Vallejos sobre falta de polic\u00edas. Los coletazos pol\u00edticos, judiciales y sociales no paran de sucederse tras las conmoci\u00f3n comunitaria desatada por el sangriento crimen del remisero Juan [&hellip;]<\/p>\n","protected":false},"author":3,"featured_media":20141,"comment_status":"closed","ping_status":"closed","sticky":false,"template":"","format":"standard","meta":{"_joinchat":[],"footnotes":""},"categories":[55,61],"tags":[],"class_list":{"0":"post-60237","1":"post","2":"type-post","3":"status-publish","4":"format-standard","5":"has-post-thumbnail","7":"category-reconquista","8":"category-regionales"},"_links":{"self":[{"href":"https:\/\/infovera.com.ar\/web\/wp-json\/wp\/v2\/posts\/60237","targetHints":{"allow":["GET"]}}],"collection":[{"href":"https:\/\/infovera.com.ar\/web\/wp-json\/wp\/v2\/posts"}],"about":[{"href":"https:\/\/infovera.com.ar\/web\/wp-json\/wp\/v2\/types\/post"}],"author":[{"embeddable":true,"href":"https:\/\/infovera.com.ar\/web\/wp-json\/wp\/v2\/users\/3"}],"replies":[{"embeddable":true,"href":"https:\/\/infovera.com.ar\/web\/wp-json\/wp\/v2\/comments?post=60237"}],"version-history":[{"count":0,"href":"https:\/\/infovera.com.ar\/web\/wp-json\/wp\/v2\/posts\/60237\/revisions"}],"wp:featuredmedia":[{"embeddable":true,"href":"https:\/\/infovera.com.ar\/web\/wp-json\/wp\/v2\/media\/20141"}],"wp:attachment":[{"href":"https:\/\/infovera.com.ar\/web\/wp-json\/wp\/v2\/media?parent=60237"}],"wp:term":[{"taxonomy":"category","embeddable":true,"href":"https:\/\/infovera.com.ar\/web\/wp-json\/wp\/v2\/categories?post=60237"},{"taxonomy":"post_tag","embeddable":true,"href":"https:\/\/infovera.com.ar\/web\/wp-json\/wp\/v2\/tags?post=60237"}],"curies":[{"name":"wp","href":"https:\/\/api.w.org\/{rel}","templated":true}]}}