{"id":60168,"date":"2025-04-04T13:05:49","date_gmt":"2025-04-04T16:05:49","guid":{"rendered":"https:\/\/infovera.com.ar\/web\/?p=60168"},"modified":"2025-04-05T10:35:43","modified_gmt":"2025-04-05T13:35:43","slug":"volvia-de-gimnasia-y-fue-asaltada-por-un-motochorro-encapuchado-en-vera","status":"publish","type":"post","link":"https:\/\/infovera.com.ar\/web\/2025\/04\/04\/volvia-de-gimnasia-y-fue-asaltada-por-un-motochorro-encapuchado-en-vera\/","title":{"rendered":"Volv\u00eda de gimnasia y fue asaltada por un motochorro encapuchado en Vera"},"content":{"rendered":"<p>La v\u00edctima volv\u00eda de practicar gimnasia y se dirig\u00eda a su casa cerca de las 20 hs. El hecho ocurri\u00f3 sobre calle Hip\u00f3lito Irigoyen al 550 aproximadamente, cuando la adolescente se desplazaba en bicicleta.<\/p>\n<p>Seg\u00fan relat\u00f3 la adolescente, sinti\u00f3 la presencia de otro veh\u00edculo acerc\u00e1ndose por detr\u00e1s, pero no anticip\u00f3 el ataque. Al llegar a la mencionada esquina, un hombre encapuchado que conduc\u00eda una motocicleta de color rojo la abord\u00f3 de manera sorpresiva. El asaltante la samarre\u00f3 violentamente hasta arrebatarle su tel\u00e9fono celular, un Iphone 13, para luego darse a la fuga r\u00e1pidamente en su moto.<\/p>\n<p>Los gritos desesperados de la joven alertaron a los vecinos de la zona, quienes salieron de sus viviendas e intentaron identificar al agresor y alcanzarlo, pero no pudieron.<\/p>\n<p>A pesar de la violencia empleada durante el robo, la adolescente afortunadamente no sufri\u00f3 heridas f\u00edsicas, aunque se encuentra visiblemente asustada y en estado de shock por la inesperada situaci\u00f3n.<\/p>\n<p>Los vecinos, muy solidarios, llamaron de inmediato a la polic\u00eda, y un uniformado se present\u00f3 r\u00e1pidamente en el lugar del hecho para intentar ayudar.<\/p>\n<p>Los padres de la v\u00edctima, utilizaron las redes sociales para hacer p\u00fablico el asalto, con el objetivo de alertar a la comunidad y solicitar que se tomen las precauciones necesarias para evitar ser v\u00edctimas de hechos similares. Adem\u00e1s, realizaron un pedido especial a la ciudadan\u00eda para que nadie adquiera un tel\u00e9fono celular Iphone 13 en los pr\u00f3ximos d\u00edas, con la esperanza de poder recuperar el sustra\u00eddo.<\/p>\n<p>El lamentable suceso tuvo lugar anoche, jueves 3 de abril, en la ciudad de Vera, generando preocupaci\u00f3n entre los vecinos y la comunidad.<\/p>\n<p>Gentileza: Jorge del Barco<\/p>\n","protected":false},"excerpt":{"rendered":"<p>La v\u00edctima volv\u00eda de practicar gimnasia y se dirig\u00eda a su casa cerca de las 20 hs. El hecho ocurri\u00f3 sobre calle Hip\u00f3lito Irigoyen al 550 aproximadamente, cuando la adolescente se desplazaba en bicicleta. Seg\u00fan relat\u00f3 la adolescente, sinti\u00f3 la presencia de otro veh\u00edculo acerc\u00e1ndose por detr\u00e1s, pero no anticip\u00f3 el ataque. Al llegar a [&hellip;]<\/p>\n","protected":false},"author":3,"featured_media":60170,"comment_status":"closed","ping_status":"closed","sticky":false,"template":"","format":"standard","meta":{"_joinchat":[],"footnotes":""},"categories":[30,53],"tags":[],"class_list":{"0":"post-60168","1":"post","2":"type-post","3":"status-publish","4":"format-standard","5":"has-post-thumbnail","7":"category-policiales","8":"category-vera"},"_links":{"self":[{"href":"https:\/\/infovera.com.ar\/web\/wp-json\/wp\/v2\/posts\/60168","targetHints":{"allow":["GET"]}}],"collection":[{"href":"https:\/\/infovera.com.ar\/web\/wp-json\/wp\/v2\/posts"}],"about":[{"href":"https:\/\/infovera.com.ar\/web\/wp-json\/wp\/v2\/types\/post"}],"author":[{"embeddable":true,"href":"https:\/\/infovera.com.ar\/web\/wp-json\/wp\/v2\/users\/3"}],"replies":[{"embeddable":true,"href":"https:\/\/infovera.com.ar\/web\/wp-json\/wp\/v2\/comments?post=60168"}],"version-history":[{"count":0,"href":"https:\/\/infovera.com.ar\/web\/wp-json\/wp\/v2\/posts\/60168\/revisions"}],"wp:featuredmedia":[{"embeddable":true,"href":"https:\/\/infovera.com.ar\/web\/wp-json\/wp\/v2\/media\/60170"}],"wp:attachment":[{"href":"https:\/\/infovera.com.ar\/web\/wp-json\/wp\/v2\/media?parent=60168"}],"wp:term":[{"taxonomy":"category","embeddable":true,"href":"https:\/\/infovera.com.ar\/web\/wp-json\/wp\/v2\/categories?post=60168"},{"taxonomy":"post_tag","embeddable":true,"href":"https:\/\/infovera.com.ar\/web\/wp-json\/wp\/v2\/tags?post=60168"}],"curies":[{"name":"wp","href":"https:\/\/api.w.org\/{rel}","templated":true}]}}