{"id":60137,"date":"2025-04-03T08:46:54","date_gmt":"2025-04-03T11:46:54","guid":{"rendered":"https:\/\/infovera.com.ar\/web\/?p=60137"},"modified":"2025-04-03T13:23:07","modified_gmt":"2025-04-03T16:23:07","slug":"la-asociacion-civil-comparsa-bambita-convoca-a-asamblea-general-ordinaria","status":"publish","type":"post","link":"https:\/\/infovera.com.ar\/web\/2025\/04\/03\/la-asociacion-civil-comparsa-bambita-convoca-a-asamblea-general-ordinaria\/","title":{"rendered":"La Asociaci\u00f3n Civil Comparsa Bambita convoca a Asamblea General Ordinaria"},"content":{"rendered":"<p>Vera, 31 de Marzo de 2025<\/p>\n<p>Convocatoria.<\/p>\n<p>Estimados Asociados \/ as:<\/p>\n<p>La Comisi\u00f3n Directiva de la Asociaci\u00f3n Civil Comparsa Bambita; tiene el agrado de invitarlos a la Asamblea General Ordinaria, que se realizara el d\u00eda 27 de Abril de 2025, a las 16:00 hs, en el establecimiento ubicado en corrientes (galp\u00f3n de trabajo) de la ciudad de Vera, provincia de Santa Fe.<\/p>\n<p>ORDEN DEL DIA:<\/p>\n<p>1- Lectura y consideraci\u00f3n del Acta de asamblea.<br \/>\n2- Lectura y consideraci\u00f3n de la memoria, inventario, balance general e informe del Revisor<br \/>\nde cuentas, correspondiente al ejercicio 2024 cerrado el 31 de Diciembre del 2024.<br \/>\n3- Nombramiento de dos socios para que con el presidente y secretaria redacten y firmen el Acta de Asamblea.<br \/>\n4- Designaci\u00f3n de miembros de comisi\u00f3n.<\/p>\n","protected":false},"excerpt":{"rendered":"<p>Vera, 31 de Marzo de 2025 Convocatoria. Estimados Asociados \/ as: La Comisi\u00f3n Directiva de la Asociaci\u00f3n Civil Comparsa Bambita; tiene el agrado de invitarlos a la Asamblea General Ordinaria, que se realizara el d\u00eda 27 de Abril de 2025, a las 16:00 hs, en el establecimiento ubicado en corrientes (galp\u00f3n de trabajo) de la [&hellip;]<\/p>\n","protected":false},"author":3,"featured_media":60138,"comment_status":"closed","ping_status":"closed","sticky":false,"template":"","format":"standard","meta":{"_joinchat":[],"footnotes":""},"categories":[43,36,53],"tags":[],"class_list":{"0":"post-60137","1":"post","2":"type-post","3":"status-publish","4":"format-standard","5":"has-post-thumbnail","7":"category-institucionales","8":"category-sociedad","9":"category-vera"},"_links":{"self":[{"href":"https:\/\/infovera.com.ar\/web\/wp-json\/wp\/v2\/posts\/60137","targetHints":{"allow":["GET"]}}],"collection":[{"href":"https:\/\/infovera.com.ar\/web\/wp-json\/wp\/v2\/posts"}],"about":[{"href":"https:\/\/infovera.com.ar\/web\/wp-json\/wp\/v2\/types\/post"}],"author":[{"embeddable":true,"href":"https:\/\/infovera.com.ar\/web\/wp-json\/wp\/v2\/users\/3"}],"replies":[{"embeddable":true,"href":"https:\/\/infovera.com.ar\/web\/wp-json\/wp\/v2\/comments?post=60137"}],"version-history":[{"count":0,"href":"https:\/\/infovera.com.ar\/web\/wp-json\/wp\/v2\/posts\/60137\/revisions"}],"wp:featuredmedia":[{"embeddable":true,"href":"https:\/\/infovera.com.ar\/web\/wp-json\/wp\/v2\/media\/60138"}],"wp:attachment":[{"href":"https:\/\/infovera.com.ar\/web\/wp-json\/wp\/v2\/media?parent=60137"}],"wp:term":[{"taxonomy":"category","embeddable":true,"href":"https:\/\/infovera.com.ar\/web\/wp-json\/wp\/v2\/categories?post=60137"},{"taxonomy":"post_tag","embeddable":true,"href":"https:\/\/infovera.com.ar\/web\/wp-json\/wp\/v2\/tags?post=60137"}],"curies":[{"name":"wp","href":"https:\/\/api.w.org\/{rel}","templated":true}]}}