{"id":60128,"date":"2025-04-02T14:21:47","date_gmt":"2025-04-02T17:21:47","guid":{"rendered":"https:\/\/infovera.com.ar\/web\/?p=60128"},"modified":"2025-04-02T14:21:47","modified_gmt":"2025-04-02T17:21:47","slug":"absoluto-respaldo-de-unidos-para-avanzar-con-la-obra-del-nuevo-puente-santa-fe-santo-tome","status":"publish","type":"post","link":"https:\/\/infovera.com.ar\/web\/2025\/04\/02\/absoluto-respaldo-de-unidos-para-avanzar-con-la-obra-del-nuevo-puente-santa-fe-santo-tome\/","title":{"rendered":"Absoluto respaldo de Unidos para avanzar con la obra del nuevo Puente Santa Fe-Santo Tom\u00e9"},"content":{"rendered":"<p>\u201cEs ins\u00f3lito que el Gobierno Nacional pretenda detener la obra del Puente Santa Fe &#8211; Santo Tom\u00e9 que lleva adelante -con recursos propios- la Provincia de Santa Fe\u201d.<\/p>\n<p><strong>COMUNICADO<\/strong><\/p>\n<p>Estupor y sorpresa, nos gener\u00f3 a todos los integrantes de<br \/>\n\u201cUnidos Para Cambiar Santa Fe\u201d y seguramente al conjunto de<br \/>\nlos santafesinos, la intimaci\u00f3n de la Secretar\u00eda de Transporte del<br \/>\nMinisterio de Econom\u00eda de la Naci\u00f3n dirigida al Gobierno de la<br \/>\nProvincia de Santa Fe para \u201cdetener los trabajos iniciados para<br \/>\nla construcci\u00f3n del nuevo puente Santa Fe &#8211; Santo Tom\u00e9\u201d,<br \/>\nargumentando cuestiones de competencias y de interpretaci\u00f3n del<br \/>\nconvenio suscripto entre la Direcci\u00f3n Nacional de Vialidad y la<br \/>\nDirecci\u00f3n Provincial de Vialidad de la Provincia de Santa Fe el 22 de<br \/>\nnoviembre de 2024.<\/p>\n<p><strong>Respaldo y continuaci\u00f3n<\/strong><\/p>\n<p>En tal sentido, desde la coalici\u00f3n de gobierno de UNIDOS PARA<br \/>\nCAMBIAR SANTA FE respaldamos inequ\u00edvocamente la decisi\u00f3n<br \/>\ndel Gobierno que conduce Maximiliano Pullaro de concretar esta<br \/>\nobra provincial paradigm\u00e1tica para resolver un problema de<br \/>\ntr\u00e1nsito nacional y la vida cotidiana de los ciudadanos que<br \/>\nutilizan esa v\u00eda de comunicaci\u00f3n a diario y que desde hace a\u00f1os<br \/>\npadecen la indiferencia y la desinversi\u00f3n del gobierno central.<br \/>\nLa obligaci\u00f3n del gobierno nacional de financiar la construcci\u00f3n de<br \/>\nun nuevo puente nace por la compensaci\u00f3n de la obra de la autov\u00eda<br \/>\nde la RN19 de Santo Tom\u00e9 a San Francisco que pag\u00f3 nuestra<br \/>\nprovincia (en la gesti\u00f3n de Jorge Obeid). Sin embargo, pasaron los<br \/>\na\u00f1os y nunca se hizo.<\/p>\n<p><strong>Inversi\u00f3n Provincial<\/strong><\/p>\n<p>Con la asunci\u00f3n del Gobernador Maximiliano Pullaro, se adopt\u00f3<br \/>\nuna decisi\u00f3n de fondo: la construcci\u00f3n de un nuevo puente<br \/>\nparalelo. Y no pasaron muchos meses que la obra ya est\u00e1 en marcha<br \/>\ncon una inversi\u00f3n del Gobierno provincial que supera los 39.500<br \/>\nmillones de pesos.<\/p>\n<p>Por ello resulta Ins\u00f3lito que el Gobierno Nacional proceda de<br \/>\neste modo cuando la obra ya comenz\u00f3- luego del correspondiente<br \/>\nproceso de licitaci\u00f3n p\u00fablica- y porque la obra misma ser\u00e1<br \/>\nfinanciada en un 100% por la Provincia, pese a que es una<br \/>\nobligaci\u00f3n del Gobierno Nacional.<\/p>\n<p><strong>Defender el Federalismo<\/strong><\/p>\n<p>En el marco de la autonom\u00eda provincial, de nuestras profundas<br \/>\nconvicciones signada por el federalismo que nos leg\u00f3 el<br \/>\nBrigadier Estanislao L\u00f3pez, NO RESIGNAREMOS el desarrollo<br \/>\nprovincial para mejorar la calidad de vida del conjunto de los<br \/>\nsantafesinos.<\/p>\n<p>Por ello, entendemos que, el gobierno nacional, deber\u00eda<br \/>\nacompa\u00f1ar, colaborar y estar a disposici\u00f3n de los santafesinos,<br \/>\npara resolver los tr\u00e1mites y permisos que pueden surgir a medida<br \/>\nque se vaya avanzando con esta obra de complejas caracter\u00edsticas<br \/>\nt\u00e9cnicas y de trascendental impacto social\u201d.<\/p>\n","protected":false},"excerpt":{"rendered":"<p>\u201cEs ins\u00f3lito que el Gobierno Nacional pretenda detener la obra del Puente Santa Fe &#8211; Santo Tom\u00e9 que lleva adelante -con recursos propios- la Provincia de Santa Fe\u201d. COMUNICADO Estupor y sorpresa, nos gener\u00f3 a todos los integrantes de \u201cUnidos Para Cambiar Santa Fe\u201d y seguramente al conjunto de los santafesinos, la intimaci\u00f3n de la [&hellip;]<\/p>\n","protected":false},"author":3,"featured_media":60129,"comment_status":"closed","ping_status":"closed","sticky":false,"template":"","format":"standard","meta":{"_joinchat":[],"footnotes":""},"categories":[60],"tags":[],"class_list":{"0":"post-60128","1":"post","2":"type-post","3":"status-publish","4":"format-standard","5":"has-post-thumbnail","7":"category-provinciales"},"_links":{"self":[{"href":"https:\/\/infovera.com.ar\/web\/wp-json\/wp\/v2\/posts\/60128","targetHints":{"allow":["GET"]}}],"collection":[{"href":"https:\/\/infovera.com.ar\/web\/wp-json\/wp\/v2\/posts"}],"about":[{"href":"https:\/\/infovera.com.ar\/web\/wp-json\/wp\/v2\/types\/post"}],"author":[{"embeddable":true,"href":"https:\/\/infovera.com.ar\/web\/wp-json\/wp\/v2\/users\/3"}],"replies":[{"embeddable":true,"href":"https:\/\/infovera.com.ar\/web\/wp-json\/wp\/v2\/comments?post=60128"}],"version-history":[{"count":0,"href":"https:\/\/infovera.com.ar\/web\/wp-json\/wp\/v2\/posts\/60128\/revisions"}],"wp:featuredmedia":[{"embeddable":true,"href":"https:\/\/infovera.com.ar\/web\/wp-json\/wp\/v2\/media\/60129"}],"wp:attachment":[{"href":"https:\/\/infovera.com.ar\/web\/wp-json\/wp\/v2\/media?parent=60128"}],"wp:term":[{"taxonomy":"category","embeddable":true,"href":"https:\/\/infovera.com.ar\/web\/wp-json\/wp\/v2\/categories?post=60128"},{"taxonomy":"post_tag","embeddable":true,"href":"https:\/\/infovera.com.ar\/web\/wp-json\/wp\/v2\/tags?post=60128"}],"curies":[{"name":"wp","href":"https:\/\/api.w.org\/{rel}","templated":true}]}}