{"id":60084,"date":"2025-03-31T12:01:54","date_gmt":"2025-03-31T15:01:54","guid":{"rendered":"https:\/\/infovera.com.ar\/web\/?p=60084"},"modified":"2025-03-31T12:01:54","modified_gmt":"2025-03-31T15:01:54","slug":"atilio-clementin-cierra-su-campana-con-una-gran-chamameceada","status":"publish","type":"post","link":"https:\/\/infovera.com.ar\/web\/2025\/03\/31\/atilio-clementin-cierra-su-campana-con-una-gran-chamameceada\/","title":{"rendered":"Atilio Clementin cierra su campa\u00f1a con una gran chamameceada"},"content":{"rendered":"<p>El precandidato a concejal de Vera por la Lista Adelante del Frente Unidos para Cambiar Santa Fe, Atilio Clement\u00edn, invita a la \u201cChamameceada: cierre a puro acorde\u00f3n\u201d, con una noche de m\u00fasica y baile, a realizarse el *s\u00e1bado 5 de abril a las 20:30 horas*, en el Club Gimnasia (San Mart\u00edn y Leandro Alem).<\/p>\n<p>El evento contar\u00e1 con la presentaci\u00f3n de destacados artistas como Elenita Palacios, Grupo F\u00e9nix, Morena Capello, C\u00e9sar Vega y su conjunto, y Amistad Chamamecera con Marcelo Blanco. Adem\u00e1s, habr\u00e1 danza en vivo con Alejo Faba y Lucrecia C\u00e1rdenas, y el grupo de Danza Ra\u00edces Verenses.<\/p>\n<p>La entrada es libre y gratuita, y habr\u00e1 servicio de cantina. Se recomienda llevar silleta para mayor comodidad.<\/p>\n<p>Clement\u00edn y su equipo invitan a la comunidad a compartir este encuentro popular, celebrando el camino recorrido y reafirmando su compromiso, siempre cerca, con Vera.<\/p>\n","protected":false},"excerpt":{"rendered":"<p>El precandidato a concejal de Vera por la Lista Adelante del Frente Unidos para Cambiar Santa Fe, Atilio Clement\u00edn, invita a la \u201cChamameceada: cierre a puro acorde\u00f3n\u201d, con una noche de m\u00fasica y baile, a realizarse el *s\u00e1bado 5 de abril a las 20:30 horas*, en el Club Gimnasia (San Mart\u00edn y Leandro Alem). El [&hellip;]<\/p>\n","protected":false},"author":3,"featured_media":60086,"comment_status":"closed","ping_status":"closed","sticky":false,"template":"","format":"standard","meta":{"_joinchat":[],"footnotes":""},"categories":[53],"tags":[],"class_list":{"0":"post-60084","1":"post","2":"type-post","3":"status-publish","4":"format-standard","5":"has-post-thumbnail","7":"category-vera"},"_links":{"self":[{"href":"https:\/\/infovera.com.ar\/web\/wp-json\/wp\/v2\/posts\/60084","targetHints":{"allow":["GET"]}}],"collection":[{"href":"https:\/\/infovera.com.ar\/web\/wp-json\/wp\/v2\/posts"}],"about":[{"href":"https:\/\/infovera.com.ar\/web\/wp-json\/wp\/v2\/types\/post"}],"author":[{"embeddable":true,"href":"https:\/\/infovera.com.ar\/web\/wp-json\/wp\/v2\/users\/3"}],"replies":[{"embeddable":true,"href":"https:\/\/infovera.com.ar\/web\/wp-json\/wp\/v2\/comments?post=60084"}],"version-history":[{"count":0,"href":"https:\/\/infovera.com.ar\/web\/wp-json\/wp\/v2\/posts\/60084\/revisions"}],"wp:featuredmedia":[{"embeddable":true,"href":"https:\/\/infovera.com.ar\/web\/wp-json\/wp\/v2\/media\/60086"}],"wp:attachment":[{"href":"https:\/\/infovera.com.ar\/web\/wp-json\/wp\/v2\/media?parent=60084"}],"wp:term":[{"taxonomy":"category","embeddable":true,"href":"https:\/\/infovera.com.ar\/web\/wp-json\/wp\/v2\/categories?post=60084"},{"taxonomy":"post_tag","embeddable":true,"href":"https:\/\/infovera.com.ar\/web\/wp-json\/wp\/v2\/tags?post=60084"}],"curies":[{"name":"wp","href":"https:\/\/api.w.org\/{rel}","templated":true}]}}