{"id":60071,"date":"2025-03-30T16:30:53","date_gmt":"2025-03-30T19:30:53","guid":{"rendered":"https:\/\/infovera.com.ar\/web\/?p=60071"},"modified":"2025-03-30T16:30:53","modified_gmt":"2025-03-30T19:30:53","slug":"vialidad-nacional-avanza-entre-malabrigo-y-reconquista-con-mejoras-en-la-ruta-11","status":"publish","type":"post","link":"https:\/\/infovera.com.ar\/web\/2025\/03\/30\/vialidad-nacional-avanza-entre-malabrigo-y-reconquista-con-mejoras-en-la-ruta-11\/","title":{"rendered":"Vialidad Nacional avanza entre Malabrigo y Reconquista con mejoras en la Ruta 11"},"content":{"rendered":"<p>Vialidad Nacional progresa con las tareas de mejora de la Ruta Nacional 11 en la zona norte de Santa Fe. Los adelantos en la recuperaci\u00f3n de la calzada se ubican entre Malabrigo y Berna, con un tren de trabajo que avanza hacia Reconquista con la repavimentaci\u00f3n de tramos previamente arreglados con bacheo profundo y fresado. Cabe se\u00f1alar que estos arreglos finales ya fueron completados entre Vera y Malabrigo.<\/p>\n<p>Otra tarea incluida en las mejoras comprende el sellado de fisuras en la superficie de la calzada con asfalto l\u00edquido en caliente. La medida impide el ingreso de agua de lluvia a la estructura y evita da\u00f1os prematuros que luego acarrean baches m\u00e1s profundos y desprendimientos en la superficie de rodamiento.<\/p>\n<p>Durante ambos tipos de trabajos, repavimentaci\u00f3n y sellado de grietas, se producen reducciones de carril, con paso alternado de a una mano por vez. El ordenamiento de la circulaci\u00f3n se efect\u00faa con banderilleros, m\u00e1s la instalaci\u00f3n de carteler\u00eda preventiva en las inmediaciones de la zona intervenida. Los sectores de calzada recuperados, una vez fraguado el material, son liberados al tr\u00e1nsito sin restricciones.<\/p>\n<p>Estas labores en marcha de Vialidad Nacional abarcan casi 180 kil\u00f3metros de la RN 11, entre Gobernador Crespo y la RP 31 en Avellaneda. Dentro de esta extensi\u00f3n se realiza de manera programada el corte de pasto en banquinas y la limpieza de la zona de camino, incluida la limpieza de las alcantarillas transversales.<\/p>\n<p>Vialidad Nacional recuerda que ha fijado preventivamente en 80 Km\/H la velocidad m\u00e1xima de circulaci\u00f3n para los tramos rurales de la Ruta Nacional 11 entre Candioti (Km 490) y Reconquista (Km 786). La medida precautoria se encuentra informada en la carteler\u00eda colocada en la RN 11 y en la p\u00e1gina oficial del organismo, en el estado de rutas.<\/p>\n<p>&nbsp;<\/p>\n","protected":false},"excerpt":{"rendered":"<p>Vialidad Nacional progresa con las tareas de mejora de la Ruta Nacional 11 en la zona norte de Santa Fe. Los adelantos en la recuperaci\u00f3n de la calzada se ubican entre Malabrigo y Berna, con un tren de trabajo que avanza hacia Reconquista con la repavimentaci\u00f3n de tramos previamente arreglados con bacheo profundo y fresado. [&hellip;]<\/p>\n","protected":false},"author":3,"featured_media":60072,"comment_status":"closed","ping_status":"closed","sticky":false,"template":"","format":"standard","meta":{"_joinchat":[],"footnotes":""},"categories":[29,61],"tags":[],"class_list":{"0":"post-60071","1":"post","2":"type-post","3":"status-publish","4":"format-standard","5":"has-post-thumbnail","7":"category-obras","8":"category-regionales"},"_links":{"self":[{"href":"https:\/\/infovera.com.ar\/web\/wp-json\/wp\/v2\/posts\/60071","targetHints":{"allow":["GET"]}}],"collection":[{"href":"https:\/\/infovera.com.ar\/web\/wp-json\/wp\/v2\/posts"}],"about":[{"href":"https:\/\/infovera.com.ar\/web\/wp-json\/wp\/v2\/types\/post"}],"author":[{"embeddable":true,"href":"https:\/\/infovera.com.ar\/web\/wp-json\/wp\/v2\/users\/3"}],"replies":[{"embeddable":true,"href":"https:\/\/infovera.com.ar\/web\/wp-json\/wp\/v2\/comments?post=60071"}],"version-history":[{"count":0,"href":"https:\/\/infovera.com.ar\/web\/wp-json\/wp\/v2\/posts\/60071\/revisions"}],"wp:featuredmedia":[{"embeddable":true,"href":"https:\/\/infovera.com.ar\/web\/wp-json\/wp\/v2\/media\/60072"}],"wp:attachment":[{"href":"https:\/\/infovera.com.ar\/web\/wp-json\/wp\/v2\/media?parent=60071"}],"wp:term":[{"taxonomy":"category","embeddable":true,"href":"https:\/\/infovera.com.ar\/web\/wp-json\/wp\/v2\/categories?post=60071"},{"taxonomy":"post_tag","embeddable":true,"href":"https:\/\/infovera.com.ar\/web\/wp-json\/wp\/v2\/tags?post=60071"}],"curies":[{"name":"wp","href":"https:\/\/api.w.org\/{rel}","templated":true}]}}