{"id":60054,"date":"2025-03-30T15:52:00","date_gmt":"2025-03-30T18:52:00","guid":{"rendered":"https:\/\/infovera.com.ar\/web\/?p=60054"},"modified":"2025-03-31T14:29:16","modified_gmt":"2025-03-31T17:29:16","slug":"el-padre-pepi-critico-duramente-un-panfleteo-politico-en-plena-misa-y-el-diputado-peralta-le-constesto","status":"publish","type":"post","link":"https:\/\/infovera.com.ar\/web\/2025\/03\/30\/el-padre-pepi-critico-duramente-un-panfleteo-politico-en-plena-misa-y-el-diputado-peralta-le-constesto\/","title":{"rendered":"El padre Pepi critic\u00f3 duramente un panfleteo pol\u00edtico en plena misa, y el diputado Peralta le contest\u00f3"},"content":{"rendered":"<p>El presb\u00edtero Jorge Luis Duarte Paz, p\u00e1rroco de la Iglesia San Roque de Margarita, expres\u00f3 su indignaci\u00f3n en FMX Margarita tras un episodio que calific\u00f3 de \u201cirresponsable y ofensivo\u201d. Durante la misa del viernes 22 de marzo, dos mujeres ingresaron al templo y repartieron volantes, supuestamente, del partido Somos Vida y Libertad.<\/p>\n<p>\u201cLo hago p\u00fablico porque estoy molesto, enojado, y porque siento que no solo fue un ataque a m\u00ed, sino a toda la comunidad\u201d, manifest\u00f3 el padre Pepi. El hecho ocurri\u00f3 mientras se celebraba la misa y se preparaba el retiro parroquial: \u201cEst\u00e1bamos en plena misa y entraron dos mujeres al templo a dejar panfletos con propaganda pol\u00edtica. Me pareci\u00f3 una gran falta de respeto\u201d, relat\u00f3 el sacerdote.<\/p>\n<p>\u201cNos pareci\u00f3 insultante, desubicado. No me extra\u00f1a de ese partido, porque su l\u00edder tiene m\u00e9todos pol\u00edticos que me desagradan\u201d, agreg\u00f3 en referencia a Amalia Granata, presidenta de Somos Vida y Libertad. Aunque no se identific\u00f3 a las responsables, un mensaje an\u00f3nimo indicar\u00eda que ser\u00edan oriundas de Vera. \u201cPod\u00e9s pensar lo que quieras, expresar lo que quieras, pero no atropellar al otro\u201d, concluy\u00f3.<\/p>\n<p><strong>Descargo<\/strong><\/p>\n<p>La respuesta del sector de Granata no tard\u00f3 en llegar y fue vertida por el diputado provincial Emiliano Peralta, jefe del bloque legislativa de Somos Vida, en sus redes.<\/p>\n<p>En un descargo que titul\u00f3 &#8220;Respuesta a las mentiras del sacerdote Duarte, (Alias &#8216;Pepi&#8217;)&#8221;, el legislador norte\u00f1o present\u00f3 primeramente el objeto de la pol\u00e9mica: &#8220;Ayer, el Padre &#8216;Pepi&#8217; Duarte, exp\u00e1rroco de la Catedral Reconquista y hoy en Margarita, sali\u00f3 en radio de dicha ciudad mostr\u00e1ndose molesto con el hecho de que ciertas personas habr\u00edan repartido folletos de mi campa\u00f1a en la misa que estaba dando; y tambi\u00e9n coment\u00f3 otra serie de cuestiones sobre m\u00ed persona y mi espacio&#8221;.<\/p>\n<p>Ante ello, Peralta dijo desconocer si tal situaci\u00f3n hab\u00eda sucedido, &#8220;pero, si efectivamente fue as\u00ed, no corresponde hacer pol\u00edtica partidaria en la Iglesia. Siempre marqu\u00e9 que el fin de la Iglesia es la salvaci\u00f3n de las almas, y no la pol\u00edtica, m\u00e1s all\u00e1 de las acciones sociales que se hacen y la caridad. Ello, porque &#8216;al C\u00e9sar lo que es del C\u00e9sar y a Dios lo que es de Dios&#8221; y porque el Reino de Dios no es de este mundo&#8221;.<\/p>\n<p>Dicho eso, Peralta asegur\u00f3 que su espacio no tiene equipo de campa\u00f1a en Margarita y sostuvo que &#8220;no sabemos qui\u00e9n\/es pudieron haber esto hecho, si efectivamente ocurri\u00f3. Y, en ese sentido, le pedimos a cualquier simpatizante de nuestro espacio que preserve la casa de Dios para lo que es&#8221;.<\/p>\n<p>M\u00e1s adelante, emiti\u00f3 otra aclaraci\u00f3n: &#8220;El sacerdote mencion\u00f3 que conoc\u00eda a las tres personas del folleto (es decir, Amalia, Mario Souilh\u00e9, de Vera, y yo). La realidad es que ni Souilh\u00e9 ni Amalia hablaron vez alguna con el sacerdote. Y a m\u00ed debe conocerme de alguna misa y no m\u00e1s que eso&#8221;.<\/p>\n<p>En el tramo siguiente de su escrito dirigido al religioso, el diputado elev\u00f3 el tono y lo cruz\u00f3 el\u00edpticamente: &#8220;Tampoco es cierto que nos haya apoyado en defensa de la vida por nacer cuando se discut\u00eda el aborto. Muy por el contrario, ciertas acciones las llevamos a cabo &#8216;a pesar&#8217; de algunos sacerdotes que mostraron desinter\u00e9s o tibieza&#8221;.<\/p>\n<p>Por \u00faltimo, fue al hueso a amonestar que &#8220;quien suele confundir el orden Espiritual con Temporal (es decir, los asuntos de este mundo) es el propio sacerdote Duarte. Particip\u00f3 reiteradamente de manifestaciones pol\u00edticas partidarias (por ejemplo, en contra de la Ley Bases, como dejo en la foto de abajo) con sectores pol\u00edticos cuyas ideas tienen poco que ver con las ense\u00f1anzas de la Iglesia&#8221;.<\/p>\n<p>En suma, cerr\u00f3 con la esperanza de que &#8220;esto sea una confusi\u00f3n del sacerdote &#8216;Pep&#8217; Duarte, y no no una afirmaci\u00f3n malintencionada por su marcada filiaci\u00f3n ideol\u00f3gica y pol\u00edtico partidaria&#8221;.<\/p>\n<figure id=\"attachment_60056\" aria-describedby=\"caption-attachment-60056\" style=\"width: 1068px\" class=\"wp-caption aligncenter\"><a href=\"https:\/\/infovera.com.ar\/web\/wp-content\/uploads\/2025\/03\/pepi.jpg\"><img loading=\"lazy\" decoding=\"async\" class=\"size-full wp-image-60056\" src=\"https:\/\/infovera.com.ar\/web\/wp-content\/uploads\/2025\/03\/pepi.jpg\" alt=\"\" width=\"1068\" height=\"600\" srcset=\"https:\/\/infovera.com.ar\/web\/wp-content\/uploads\/2025\/03\/pepi.jpg 1068w, https:\/\/infovera.com.ar\/web\/wp-content\/uploads\/2025\/03\/pepi-696x391.jpg 696w, https:\/\/infovera.com.ar\/web\/wp-content\/uploads\/2025\/03\/pepi-748x420.jpg 748w\" sizes=\"auto, (max-width: 1068px) 100vw, 1068px\" \/><\/a><figcaption id=\"caption-attachment-60056\" class=\"wp-caption-text\">Imagen aludida por el diputado Peralta en su descargo.<\/figcaption><\/figure>\n","protected":false},"excerpt":{"rendered":"<p>El presb\u00edtero Jorge Luis Duarte Paz, p\u00e1rroco de la Iglesia San Roque de Margarita, expres\u00f3 su indignaci\u00f3n en FMX Margarita tras un episodio que calific\u00f3 de \u201cirresponsable y ofensivo\u201d. Durante la misa del viernes 22 de marzo, dos mujeres ingresaron al templo y repartieron volantes, supuestamente, del partido Somos Vida y Libertad. \u201cLo hago p\u00fablico [&hellip;]<\/p>\n","protected":false},"author":3,"featured_media":60055,"comment_status":"closed","ping_status":"closed","sticky":false,"template":"","format":"standard","meta":{"_joinchat":[],"footnotes":""},"categories":[54],"tags":[],"class_list":{"0":"post-60054","1":"post","2":"type-post","3":"status-publish","4":"format-standard","5":"has-post-thumbnail","7":"category-margarita"},"_links":{"self":[{"href":"https:\/\/infovera.com.ar\/web\/wp-json\/wp\/v2\/posts\/60054","targetHints":{"allow":["GET"]}}],"collection":[{"href":"https:\/\/infovera.com.ar\/web\/wp-json\/wp\/v2\/posts"}],"about":[{"href":"https:\/\/infovera.com.ar\/web\/wp-json\/wp\/v2\/types\/post"}],"author":[{"embeddable":true,"href":"https:\/\/infovera.com.ar\/web\/wp-json\/wp\/v2\/users\/3"}],"replies":[{"embeddable":true,"href":"https:\/\/infovera.com.ar\/web\/wp-json\/wp\/v2\/comments?post=60054"}],"version-history":[{"count":0,"href":"https:\/\/infovera.com.ar\/web\/wp-json\/wp\/v2\/posts\/60054\/revisions"}],"wp:featuredmedia":[{"embeddable":true,"href":"https:\/\/infovera.com.ar\/web\/wp-json\/wp\/v2\/media\/60055"}],"wp:attachment":[{"href":"https:\/\/infovera.com.ar\/web\/wp-json\/wp\/v2\/media?parent=60054"}],"wp:term":[{"taxonomy":"category","embeddable":true,"href":"https:\/\/infovera.com.ar\/web\/wp-json\/wp\/v2\/categories?post=60054"},{"taxonomy":"post_tag","embeddable":true,"href":"https:\/\/infovera.com.ar\/web\/wp-json\/wp\/v2\/tags?post=60054"}],"curies":[{"name":"wp","href":"https:\/\/api.w.org\/{rel}","templated":true}]}}