{"id":60005,"date":"2025-03-28T13:42:22","date_gmt":"2025-03-28T16:42:22","guid":{"rendered":"https:\/\/infovera.com.ar\/web\/?p=60005"},"modified":"2025-03-28T13:42:22","modified_gmt":"2025-03-28T16:42:22","slug":"reconocieron-a-dos-deportistas-de-calchaqui","status":"publish","type":"post","link":"https:\/\/infovera.com.ar\/web\/2025\/03\/28\/reconocieron-a-dos-deportistas-de-calchaqui\/","title":{"rendered":"Reconocieron a dos deportistas de Calchaqu\u00ed"},"content":{"rendered":"<p>El jueves, el Concejo de Calchaqu\u00ed reconoci\u00f3 y destac\u00f3 la participaci\u00f3n de Juan Diego Ojeda y Agust\u00edn Baz\u00e1n, dos j\u00f3venes deportistas jugadores de p\u00e1del en la categor\u00eda Sub 18, quienes se consagraron Campeones de los selectivos de menores APA 2025.<\/p>\n<p>Esta fue la fecha N\u00b01 de los selectivos de menores APA 2025 que se realiz\u00f3 del 21 al 24 de marzo en la Regi\u00f3n de Alto Valle, en Rio Negro y Neuqu\u00e9n.<\/p>\n<p>Este torneo fue el primero de los 5 selectivos que se realizar\u00e1n este a\u00f1o para que los menores de todo el pa\u00eds tengan la posibilidad de competir, medir su nivel y desarrollarse en busca de su futuro como profesionales.<\/p>\n<p>&#8220;Como representantes del pueblo, apoyamos y felicitamos a estos J\u00f3venes y a sus familias que desde el esfuerzo y la perseverancia los acompa\u00f1an en la b\u00fasqueda de sus sue\u00f1os&#8221;, expresaron desde el Concejo.<\/p>\n","protected":false},"excerpt":{"rendered":"<p>El jueves, el Concejo de Calchaqu\u00ed reconoci\u00f3 y destac\u00f3 la participaci\u00f3n de Juan Diego Ojeda y Agust\u00edn Baz\u00e1n, dos j\u00f3venes deportistas jugadores de p\u00e1del en la categor\u00eda Sub 18, quienes se consagraron Campeones de los selectivos de menores APA 2025. Esta fue la fecha N\u00b01 de los selectivos de menores APA 2025 que se realiz\u00f3 [&hellip;]<\/p>\n","protected":false},"author":3,"featured_media":60006,"comment_status":"closed","ping_status":"closed","sticky":false,"template":"","format":"standard","meta":{"_joinchat":[],"footnotes":""},"categories":[52,31],"tags":[],"class_list":{"0":"post-60005","1":"post","2":"type-post","3":"status-publish","4":"format-standard","5":"has-post-thumbnail","7":"category-calchaqui","8":"category-deportes"},"_links":{"self":[{"href":"https:\/\/infovera.com.ar\/web\/wp-json\/wp\/v2\/posts\/60005","targetHints":{"allow":["GET"]}}],"collection":[{"href":"https:\/\/infovera.com.ar\/web\/wp-json\/wp\/v2\/posts"}],"about":[{"href":"https:\/\/infovera.com.ar\/web\/wp-json\/wp\/v2\/types\/post"}],"author":[{"embeddable":true,"href":"https:\/\/infovera.com.ar\/web\/wp-json\/wp\/v2\/users\/3"}],"replies":[{"embeddable":true,"href":"https:\/\/infovera.com.ar\/web\/wp-json\/wp\/v2\/comments?post=60005"}],"version-history":[{"count":0,"href":"https:\/\/infovera.com.ar\/web\/wp-json\/wp\/v2\/posts\/60005\/revisions"}],"wp:featuredmedia":[{"embeddable":true,"href":"https:\/\/infovera.com.ar\/web\/wp-json\/wp\/v2\/media\/60006"}],"wp:attachment":[{"href":"https:\/\/infovera.com.ar\/web\/wp-json\/wp\/v2\/media?parent=60005"}],"wp:term":[{"taxonomy":"category","embeddable":true,"href":"https:\/\/infovera.com.ar\/web\/wp-json\/wp\/v2\/categories?post=60005"},{"taxonomy":"post_tag","embeddable":true,"href":"https:\/\/infovera.com.ar\/web\/wp-json\/wp\/v2\/tags?post=60005"}],"curies":[{"name":"wp","href":"https:\/\/api.w.org\/{rel}","templated":true}]}}