{"id":59998,"date":"2025-03-28T07:28:57","date_gmt":"2025-03-28T10:28:57","guid":{"rendered":"https:\/\/infovera.com.ar\/web\/?p=59998"},"modified":"2025-03-28T14:00:10","modified_gmt":"2025-03-28T17:00:10","slug":"la-region-centro-marca-el-camino-hacia-un-pais-mas-federal-expreso-el-diputado-rojas","status":"publish","type":"post","link":"https:\/\/infovera.com.ar\/web\/2025\/03\/28\/la-region-centro-marca-el-camino-hacia-un-pais-mas-federal-expreso-el-diputado-rojas\/","title":{"rendered":"La Regi\u00f3n Centro marca el camino hacia un pa\u00eds m\u00e1s federal&#8221;, expres\u00f3 el diputado Rojas"},"content":{"rendered":"<p>El diputado provincial Sergio \u201cChiqui\u201d Rojas particip\u00f3 de la XVIII Reuni\u00f3n Institucional de la Regi\u00f3n Centro, donde se realiz\u00f3 el traspaso de la Presidencia Pro T\u00e9mpore de Santa Fe a C\u00f3rdoba.<\/p>\n<p>Con el lema \u201cUn modelo de desarrollo desde el interior productivo\u201d, se llev\u00f3 a cabo en la ciudad de Santa Fe la XVIII Reuni\u00f3n Institucional de la Regi\u00f3n Centro. El encuentro fue encabezado por los gobernadores *Maximiliano Pullaro* (Santa Fe), *Mart\u00edn Llaryora* (C\u00f3rdoba) y *Rogelio Frigerio* (Entre R\u00edos), quienes destacaron la importancia de la infraestructura como eje de competitividad y el rol estrat\u00e9gico del interior en el desarrollo del pa\u00eds.<\/p>\n<p>El diputado provincial *Sergio \u201cChiqui\u201d Rojas* particip\u00f3 de la jornada y remarc\u00f3 la relevancia de este espacio de articulaci\u00f3n regional para impulsar un modelo de pa\u00eds m\u00e1s federal. \u201cLa \u00fanica luz del federalismo sale de Santa Fe, C\u00f3rdoba y Entre R\u00edos. Desde aqu\u00ed se construyen respuestas concretas para el desarrollo, con m\u00e1s presencia del Estado y con pol\u00edticas que fortalezcan al sector productivo\u201d, afirm\u00f3.<\/p>\n<p>Durante el encuentro, los gobernadores coincidieron en que la econom\u00eda cerrada ha perjudicado hist\u00f3ricamente a las provincias, mientras que una mayor apertura debe darse en consenso con los sectores productivos. Adem\u00e1s, destacaron que la defensa del interior trasciende los partidos pol\u00edticos y se ha convertido en una agenda com\u00fan, donde la inversi\u00f3n en infraestructura y la obra p\u00fablica son fundamentales para potenciar la competitividad de la regi\u00f3n.<\/p>\n<p>Desde su rol legislativo y como integrante de la Comisi\u00f3n de la Regi\u00f3n Centro de la C\u00e1mara de Diputadas y Diputados de Santa Fe \u2014cuyo objetivo es la creaci\u00f3n y armonizaci\u00f3n legislativa entre las tres provincias\u2014, Rojas destac\u00f3 la importancia de acompa\u00f1ar e impulsar herramientas que fortalezcan a la Regi\u00f3n Centro como un actor clave en la construcci\u00f3n de un pa\u00eds m\u00e1s equitativo y con mayor protagonismo del interior en la agenda nacional.<\/p>\n","protected":false},"excerpt":{"rendered":"<p>El diputado provincial Sergio \u201cChiqui\u201d Rojas particip\u00f3 de la XVIII Reuni\u00f3n Institucional de la Regi\u00f3n Centro, donde se realiz\u00f3 el traspaso de la Presidencia Pro T\u00e9mpore de Santa Fe a C\u00f3rdoba. Con el lema \u201cUn modelo de desarrollo desde el interior productivo\u201d, se llev\u00f3 a cabo en la ciudad de Santa Fe la XVIII Reuni\u00f3n [&hellip;]<\/p>\n","protected":false},"author":3,"featured_media":59999,"comment_status":"closed","ping_status":"closed","sticky":false,"template":"","format":"standard","meta":{"_joinchat":[],"footnotes":""},"categories":[66,60],"tags":[],"class_list":{"0":"post-59998","1":"post","2":"type-post","3":"status-publish","4":"format-standard","5":"has-post-thumbnail","7":"category-politica","8":"category-provinciales"},"_links":{"self":[{"href":"https:\/\/infovera.com.ar\/web\/wp-json\/wp\/v2\/posts\/59998","targetHints":{"allow":["GET"]}}],"collection":[{"href":"https:\/\/infovera.com.ar\/web\/wp-json\/wp\/v2\/posts"}],"about":[{"href":"https:\/\/infovera.com.ar\/web\/wp-json\/wp\/v2\/types\/post"}],"author":[{"embeddable":true,"href":"https:\/\/infovera.com.ar\/web\/wp-json\/wp\/v2\/users\/3"}],"replies":[{"embeddable":true,"href":"https:\/\/infovera.com.ar\/web\/wp-json\/wp\/v2\/comments?post=59998"}],"version-history":[{"count":0,"href":"https:\/\/infovera.com.ar\/web\/wp-json\/wp\/v2\/posts\/59998\/revisions"}],"wp:featuredmedia":[{"embeddable":true,"href":"https:\/\/infovera.com.ar\/web\/wp-json\/wp\/v2\/media\/59999"}],"wp:attachment":[{"href":"https:\/\/infovera.com.ar\/web\/wp-json\/wp\/v2\/media?parent=59998"}],"wp:term":[{"taxonomy":"category","embeddable":true,"href":"https:\/\/infovera.com.ar\/web\/wp-json\/wp\/v2\/categories?post=59998"},{"taxonomy":"post_tag","embeddable":true,"href":"https:\/\/infovera.com.ar\/web\/wp-json\/wp\/v2\/tags?post=59998"}],"curies":[{"name":"wp","href":"https:\/\/api.w.org\/{rel}","templated":true}]}}