{"id":59991,"date":"2025-03-27T19:25:43","date_gmt":"2025-03-27T22:25:43","guid":{"rendered":"https:\/\/infovera.com.ar\/web\/?p=59991"},"modified":"2025-03-27T19:25:43","modified_gmt":"2025-03-27T22:25:43","slug":"la-expo-empleo-convoco-a-mas-de-1-000-interesados-en-su-presentacion-en-reconquista","status":"publish","type":"post","link":"https:\/\/infovera.com.ar\/web\/2025\/03\/27\/la-expo-empleo-convoco-a-mas-de-1-000-interesados-en-su-presentacion-en-reconquista\/","title":{"rendered":"La Expo Empleo convoc\u00f3 a m\u00e1s de 1.000 interesados en su presentaci\u00f3n en Reconquista"},"content":{"rendered":"<p>Es la primera vez que se despliega esta feria en el interior provincial. Expusieron m\u00faltiples empresas de la regi\u00f3n que necesitan cubrir puestos de trabajo. Esta nueva edici\u00f3n de la Expo Empleo tambi\u00e9n ofreci\u00f3 la posibilidad de formarse en oficios y capacitarse en las tendencias laborales.<\/p>\n<p>El Gobierno de la Provincia de Santa Fe, a trav\u00e9s del Ministerio de Trabajo, Empleo y Seguridad Social llev\u00f3 adelante la primera Expo Empleo en la ciudad de Reconquista. La mega feria convoc\u00f3 a m\u00e1s de 1.000 personas con empresas de la regi\u00f3n que necesitan cubrir puestos de trabajo. La exposici\u00f3n busca conectar las demandas del sector productivo con las personas que buscan oportunidades de desarrollo. El evento se llev\u00f3 a cabo este jueves en el sal\u00f3n multiespacio de la Sociedad Rural de esa ciudad.<\/p>\n<p>Participaron m\u00e1s de 1.000 personas y hubo m\u00e1s de 260 b\u00fasquedas laborales activas.<\/p>\n<p>Al respecto, el ministro de Trabajo, Empleo y Seguridad Social, Roald B\u00e1scolo destac\u00f3 \u201cla masiva convocatoria\u201d, y se\u00f1al\u00f3 que \u201ces un orgullo para nosotros decir que es la primera vez que un Gobierno Provincial organiza este tipo de evento y esta es la primera expo del interior de la provincia. No solamente estamos juntando en el mismo lugar a las empresas que van a buscar trabajadores para cubrir los puestos que necesitan, sino tambi\u00e9n es el lugar donde cualquier persona que necesite trabajar pueda venir, recorrer los stands y gestionar la b\u00fasqueda\u201d.<\/p>\n<p>Por su parte, el secretario de Empleo y Desarrollo Emprendedor, Hern\u00e1n Franco resalt\u00f3 \u201cel compromiso de los establecimientos que participaron\u201d, y agradeci\u00f3 \u201ca cada una de las empresas que nos acompa\u00f1aron, que en definitiva son el motor que impulsa nuestra provincia y genera empleo.<\/p>\n<p>Esta Expo Empleo vino a ofrecer adem\u00e1s la posibilidad de formarse en oficios, capacitarse, saber qu\u00e9 buscan las empresas y cuales son las tendencias laborales y contactarse de primera mano con empresas de renombre\u201d.<\/p>\n<p>En qu\u00e9 consiste Expo Empleo<\/p>\n<p>Expo Empleo es una nueva iniciativa del Gobierno de la Provincia de Santa Fe para conectar en un solo lugar las b\u00fasquedas laborales con las demandas del sector productivo y generar nuevas oportunidades.<\/p>\n<p>En la actividad desarrollada en Reconquista hubo stands de empresas e instituciones que buscaban perfiles laborales; un espacio de capacitaci\u00f3n; charlas relacionadas con el mundo laboral. Tambi\u00e9n hubo empresas que recibieron curr\u00edculums vitae y una zona con m\u00e1s de 100 cursos de Impulsa para formar en oficio.<\/p>\n<p>Esta es la primera edici\u00f3n que se realiza en el interior de la provincia, siendo las anteriores en la ciudad de Santa Fe y Rosario que se llevaron a cabo el a\u00f1o pasado. Las pr\u00f3ximas ediciones se realizar\u00e1n en Rafaela, Venado Tuerto, Rosario y Santa Fe.<\/p>\n","protected":false},"excerpt":{"rendered":"<p>Es la primera vez que se despliega esta feria en el interior provincial. Expusieron m\u00faltiples empresas de la regi\u00f3n que necesitan cubrir puestos de trabajo. Esta nueva edici\u00f3n de la Expo Empleo tambi\u00e9n ofreci\u00f3 la posibilidad de formarse en oficios y capacitarse en las tendencias laborales. El Gobierno de la Provincia de Santa Fe, a [&hellip;]<\/p>\n","protected":false},"author":3,"featured_media":59993,"comment_status":"closed","ping_status":"closed","sticky":false,"template":"","format":"standard","meta":{"_joinchat":[],"footnotes":""},"categories":[55],"tags":[],"class_list":{"0":"post-59991","1":"post","2":"type-post","3":"status-publish","4":"format-standard","5":"has-post-thumbnail","7":"category-reconquista"},"_links":{"self":[{"href":"https:\/\/infovera.com.ar\/web\/wp-json\/wp\/v2\/posts\/59991","targetHints":{"allow":["GET"]}}],"collection":[{"href":"https:\/\/infovera.com.ar\/web\/wp-json\/wp\/v2\/posts"}],"about":[{"href":"https:\/\/infovera.com.ar\/web\/wp-json\/wp\/v2\/types\/post"}],"author":[{"embeddable":true,"href":"https:\/\/infovera.com.ar\/web\/wp-json\/wp\/v2\/users\/3"}],"replies":[{"embeddable":true,"href":"https:\/\/infovera.com.ar\/web\/wp-json\/wp\/v2\/comments?post=59991"}],"version-history":[{"count":0,"href":"https:\/\/infovera.com.ar\/web\/wp-json\/wp\/v2\/posts\/59991\/revisions"}],"wp:featuredmedia":[{"embeddable":true,"href":"https:\/\/infovera.com.ar\/web\/wp-json\/wp\/v2\/media\/59993"}],"wp:attachment":[{"href":"https:\/\/infovera.com.ar\/web\/wp-json\/wp\/v2\/media?parent=59991"}],"wp:term":[{"taxonomy":"category","embeddable":true,"href":"https:\/\/infovera.com.ar\/web\/wp-json\/wp\/v2\/categories?post=59991"},{"taxonomy":"post_tag","embeddable":true,"href":"https:\/\/infovera.com.ar\/web\/wp-json\/wp\/v2\/tags?post=59991"}],"curies":[{"name":"wp","href":"https:\/\/api.w.org\/{rel}","templated":true}]}}