{"id":59989,"date":"2025-03-27T09:43:05","date_gmt":"2025-03-27T12:43:05","guid":{"rendered":"https:\/\/infovera.com.ar\/web\/?p=59989"},"modified":"2025-03-27T09:43:05","modified_gmt":"2025-03-27T12:43:05","slug":"las-tarifas-de-la-epe-superan-el-promedio-nacional","status":"publish","type":"post","link":"https:\/\/infovera.com.ar\/web\/2025\/03\/27\/las-tarifas-de-la-epe-superan-el-promedio-nacional\/","title":{"rendered":"Las tarifas de la EPE superan el promedio nacional"},"content":{"rendered":"<p>Santa Fe es una de las tres provincias donde m\u00e1s pesan los impuestos en el total de cada boleta de usuarios residenciales. En el mismo nivel est\u00e1 Entre R\u00edos y, por sobre ambas, R\u00edo Negro, donde adem\u00e1s los valores finales est\u00e1n al tope a nivel nacional.<\/p>\n<p>Corresponde a impuestos un 31% de lo que los usuarios residenciales santafesinos pagan en las boletas de la Empresa Provincial de la Energ\u00eda, mientras que la media nacional es de solo 25% existen provincias donde la carga impositiva no llega a los 20 puntos.<\/p>\n<p>Adem\u00e1s, en una comparaci\u00f3n que cada mes realiza el Observatorio de Tarifas de la UBA y el Conicet, la EPE figura por sobre el promedio nacional en las tarifas finales de las tres categor\u00edas de hogares de ingresos altos (N1), bajos (N2) y medios (N3).<br \/>\nEsos dos aspectos: impuestos altos para los hogares en sus boletas de la luz y costos por sobre lo que paga la mayor\u00eda de los argentinos, son los datos salientes del trabajo mensual de marzo, del Instituto Interdisciplinario de Econom\u00eda Pol\u00edtica de Buenos Aires de la Universidad Nacional de Bueno Aires y el Consejo Nacional de Investigaciones Cient\u00edficas y T\u00e9cnicas.<\/p>\n<p><strong>Comparaci\u00f3n de las tarifas<\/strong><\/p>\n<p>El Reporte de Tarifas ofrece informaci\u00f3n sobre c\u00f3mo cada mes se abaratan o encarecen los costos de la canasta de servicios para los hogares, en especial en el \u00c1rea Metropolitana de\u00a0Buenos Aires\u00a0pero tambi\u00e9n compara la evoluci\u00f3n de las tarifas de las provincias y el Amba.<\/p>\n<p>En esa temida tabla el costo promedio para las tarifas N1 a nivel nacional es de 58.160 pesos por mes y la EPE 66.348. Otras nueve compa\u00f1\u00edas tienen valores m\u00e1s altos que la estatal santafesina. El Nivel 1 casi tiene pocos subsidios del Estado Nacional. El estudio estima que en todo el pa\u00eds esos usuarios de alto nivel adquisitivo pagan 100% del costo real de generar, transportar y distribuir la energ\u00eda, sin ayudas del gobierno central.<\/p>\n<p>El Reporte de Tarifas ofrece informaci\u00f3n sobre c\u00f3mo cada mes se abaratan o encarecen los costos de la canasta de servicios para los hogares.<\/p>\n<p>Para los hogares N2, en el otro extremo de los bolsillos -el de los m\u00e1s flacos-, el promedio a nivel pa\u00eds da $ 33.411. Y en\u00a0Santa Fe, 45.847. S\u00f3lo\u00a0R\u00edo Negro,\u00a0Mendoza\u00a0y Tucum\u00e1n, en ese orden, tienen tarifas m\u00e1s caras para los hogares m\u00e1s pobres que superan los 54 mil pesos por mes. El gobierno nacional paga subsidios a la energ\u00eda mayorista para que esos valores sean bajos. Los subsidios nacionales cubren en marzo 71% de su consumo.<\/p>\n<p>Finalmente, los N3, el sector medio de la segmentaci\u00f3n de la demanda que sigue vigente desde que\u00a0Sergio Massa\u00a0fue ministro de Econom\u00eda de\u00a0Alberto Fern\u00e1ndez,\u00a0tiene una situaci\u00f3n similar en la provincia del mapa de la bota. En promedio los hogares del Nivel 3 pagaron en marzo en todo el pa\u00eds $ 40.400, pero para los santafesinos esa suma fue de $ 50.915. S\u00f3lo R\u00edo Negro, Mendoza, Puerto Madryn y Tucum\u00e1n tienen tarifas m\u00e1s altas, incluso superiores a los 68 mil pesos. El subsidio nacional (que ayuda a bajar el \u00edndice inflacionario) llega al 55% de la energ\u00eda que gastan las familias de clase media que as\u00ed figuran en el RASE, Registro de Acceso a los Subsidios a la Energ\u00eda.<\/p>\n<p><strong>CAP, la sigla de la pol\u00e9mica en 2018<\/strong><\/p>\n<p>Corr\u00eda 2018 cuando una pol\u00e9mica de dos de los dirigentes pol\u00edticos con m\u00e1s poder en la provincia de Santa Fe ocupaba buena parte de la atenci\u00f3n p\u00fablica. La pelea la hab\u00eda iniciado el entonces intendente\u00a0Jos\u00e9 Corral\u00a0(hoy diputado provincial) a la Empresa Provincial de la Energ\u00eda, a la que le reclamaba bajar costos y tarifas en consonancia con el discurso de entonces del presidente\u00a0Mauricio Macri. Cuando a las respuestas ya no las dio la EPE, sino la Casa Gris y el propio\u00a0Miguel Lifschitz\u00a0(1955-2021) el tema tuvo a\u00fan m\u00e1s repercusi\u00f3n.<\/p>\n<p>En aquellos a\u00f1os, los usuarios de la capital provincial comenzaron a observar cu\u00e1nto constaba en sus facturas de la EPE la piedra de la discordia, la famosa CAP (Cuota de Alumbrado P\u00fablico), que el radical (hasta hac\u00eda poco era el presidente del Comit\u00e9 Nacional) cuestionaba al gobernador socialista, que se comenzaba a perfilar como un presidenciable desde el interior.<\/p>\n<p>Pero lo interesante de aquella moment\u00e1nea discusi\u00f3n hizo que los santafesinos mirasen tambi\u00e9n otros \u00edtems del rubro impuestos en su factura. All\u00ed hoy figuran otras siglas. El FER, Fondo de Electrificaci\u00f3n Rural con que se realizan obras en \u00e1reas poco rentables para llevar el servicio fuera de las \u00e1reas con m\u00e1s poblaci\u00f3n y significa apenas 1,5% del total facturado a cada usuario; tambi\u00e9n, el aporte del 6% que se llevan las municipalidades y comunas por la utilizaci\u00f3n del espacio p\u00fablico, dispuesto por la Ley 7.797; la mencionada Cuota de Alumbrado P\u00fablico que es mayor al valor anterior; un fondo para energ\u00edas renovables que se actualiza a\u00f1o tras a\u00f1o (y naci\u00f3 en 2006 con un aporte de 20 centavos); y lo m\u00e1s relevante: el 21% que se aplica a cada consumidor final sobre el valor de la energ\u00eda y de la CAP.<\/p>\n<p>Hoy, quien pueda leer con paciencia el Reporte de Tarifas y Servicios de la UBA y el Conicet podr\u00e1 advertir que, en proporci\u00f3n, la EPE cobra m\u00e1s impuestos a los segmentos de ingresos bajos (N2) y medios (N3) por la distribuci\u00f3n de energ\u00eda, con el 35 y 34% respectivamente, que a los N1 de niveles altos (31%). Pero nadie anima ese debate.<\/p>\n<p>Fuente: Luis Rodrigo &#8211; El Litoral<\/p>\n","protected":false},"excerpt":{"rendered":"<p>Santa Fe es una de las tres provincias donde m\u00e1s pesan los impuestos en el total de cada boleta de usuarios residenciales. En el mismo nivel est\u00e1 Entre R\u00edos y, por sobre ambas, R\u00edo Negro, donde adem\u00e1s los valores finales est\u00e1n al tope a nivel nacional. Corresponde a impuestos un 31% de lo que los [&hellip;]<\/p>\n","protected":false},"author":3,"featured_media":56953,"comment_status":"closed","ping_status":"closed","sticky":false,"template":"","format":"standard","meta":{"_joinchat":[],"footnotes":""},"categories":[60],"tags":[],"class_list":{"0":"post-59989","1":"post","2":"type-post","3":"status-publish","4":"format-standard","5":"has-post-thumbnail","7":"category-provinciales"},"_links":{"self":[{"href":"https:\/\/infovera.com.ar\/web\/wp-json\/wp\/v2\/posts\/59989","targetHints":{"allow":["GET"]}}],"collection":[{"href":"https:\/\/infovera.com.ar\/web\/wp-json\/wp\/v2\/posts"}],"about":[{"href":"https:\/\/infovera.com.ar\/web\/wp-json\/wp\/v2\/types\/post"}],"author":[{"embeddable":true,"href":"https:\/\/infovera.com.ar\/web\/wp-json\/wp\/v2\/users\/3"}],"replies":[{"embeddable":true,"href":"https:\/\/infovera.com.ar\/web\/wp-json\/wp\/v2\/comments?post=59989"}],"version-history":[{"count":0,"href":"https:\/\/infovera.com.ar\/web\/wp-json\/wp\/v2\/posts\/59989\/revisions"}],"wp:featuredmedia":[{"embeddable":true,"href":"https:\/\/infovera.com.ar\/web\/wp-json\/wp\/v2\/media\/56953"}],"wp:attachment":[{"href":"https:\/\/infovera.com.ar\/web\/wp-json\/wp\/v2\/media?parent=59989"}],"wp:term":[{"taxonomy":"category","embeddable":true,"href":"https:\/\/infovera.com.ar\/web\/wp-json\/wp\/v2\/categories?post=59989"},{"taxonomy":"post_tag","embeddable":true,"href":"https:\/\/infovera.com.ar\/web\/wp-json\/wp\/v2\/tags?post=59989"}],"curies":[{"name":"wp","href":"https:\/\/api.w.org\/{rel}","templated":true}]}}