{"id":59965,"date":"2025-03-26T17:22:02","date_gmt":"2025-03-26T20:22:02","guid":{"rendered":"https:\/\/infovera.com.ar\/web\/?p=59965"},"modified":"2025-03-26T17:22:02","modified_gmt":"2025-03-26T20:22:02","slug":"pullaro-la-policia-utilizara-armas-de-baja-letalidad-para-garantizar-orden-en-la-sociedad-y-mayores-niveles-de-paz","status":"publish","type":"post","link":"https:\/\/infovera.com.ar\/web\/2025\/03\/26\/pullaro-la-policia-utilizara-armas-de-baja-letalidad-para-garantizar-orden-en-la-sociedad-y-mayores-niveles-de-paz\/","title":{"rendered":"Pullaro: \u201cLa Polic\u00eda utilizar\u00e1 armas de baja letalidad para garantizar orden en la sociedad y mayores niveles de paz\u201d"},"content":{"rendered":"<p>Lo afirm\u00f3 el gobernador al licitar la compra de 100 pistolas de electroshock y otras 100 a base de di\u00f3xido de carbono. La inversi\u00f3n ser\u00e1 de $ 1.700 millones. Emotivo momento con el polic\u00eda Luciano Nocelli, quien recuper\u00f3 la libertad luego de anularse su condena por la muerte de dos motochorros en un enfrentamiento.<\/p>\n<p>El gobernador Maximiliano Pullaro, junto al ministro de Justicia y Seguridad, Pablo Cococcioni y el subsecretario de Tecnolog\u00eda y Equipamiento del Ministerio de Justicia y Seguridad, Armando Faraoni, encabez\u00f3 este mi\u00e9rcoles la licitaci\u00f3n para la compra de 100 pistolas de electroshock y otras 100 a base de di\u00f3xido de carbono que disparan proyectiles cin\u00e9ticos, adem\u00e1s de 200 bodycam y 600 cartuchos adicionales, todo destinado a la Polic\u00eda de la Provincia. El presupuesto oficial es de $ 1.669.567.867.<br \/>\nDurante el acto en el Sal\u00f3n Blanco de la Sede de Gobierno en Rosario, Pullaro asegur\u00f3 estar \u201cconvencidos que este tipo de herramientas mejoran el funcionamiento de las fuerzas de seguridad, pero fundamentalmente, previenen lo que son los choques de armas letales, particularmente con 9 mil\u00edmetros\u201d. Seguidamente, reflexion\u00f3 que en la provincia \u201cse termin\u00f3 eso de que la Polic\u00eda siempre es culpable cuando termina teniendo un enfrentamiento o un acto en el que tiene que aplicar el uso de la fuerza\u201d, porque afirm\u00f3 que \u201ceste Gobierno siempre va a respaldar a los hombres y mujeres de la Polic\u00eda que en cumplimiento de los protocolos preexistentes llevan adelante el uso de la fuerza\u201d.<\/p>\n<p>Y en ese sentido, hizo especial menci\u00f3n a la presencia durante el acto de Luciano Nocelli, el polic\u00eda que en noviembre recuper\u00f3 su libertad tras la anulaci\u00f3n de su condena por la muerte de dos motochorros en un enfrentamiento ocurrido en 2019 en Rosario, a quien le reconoci\u00f3: \u201cFuiste v\u00edctima de una ideolog\u00eda que en nuestra provincia y en nuestro pa\u00eds durante mucho tiempo dijo que el polic\u00eda era el culpable y no el delincuente\u201d, tras lo cual asegur\u00f3: \u201cCreemos en tu inocencia y espero que hechos de injusticia como el que te toc\u00f3 vivir, no le toque vivir nunca a ning\u00fan hombre ni mujer de la Polic\u00eda\u201d.<\/p>\n<p>Por \u00faltimo, Pullaro destac\u00f3 que la pol\u00edtica de Seguridad \u201ces la \u00fanica pol\u00edtica p\u00fablica que no tiene ninguna limitaci\u00f3n presupuestaria. No vamos a dejar de invertir para que los rosarinos y los santafesinos puedan vivir mejor, con mayor tranquilidad y puedan vivir en paz\u201d, concluy\u00f3.<\/p>\n<p>Fortalecer a las fuerzas de seguridad<\/p>\n<p>El ministro Cococcioni resalt\u00f3 que ya se encuentran \u201ctrabajando en un decreto que protocoliza el uso progresivo de la fuerza, considerando estos nuevos elementos para que el oficial policial o penitenciario que va a utilizarlo, tenga plena certeza de que est\u00e1 cumpliendo con las normas, de que no va a tener ning\u00fan tipo de problema y va a estar resguardada su integridad jur\u00eddica si sigue el protocolo que se le indica\u201d. Por su parte, Faraoni puso en valor que este tipo de armas \u201cpermiten tener una herramienta intermedia para no llegar a usar un arma de fuego en casos que no sea necesario\u201d.<\/p>\n<p>Presentes<\/p>\n<p>Durante la licitaci\u00f3n estuvieron presentes tambi\u00e9n el secretario General de Gobierno, Juan Cruz C\u00e1ndido; el secretario de Seguridad P\u00fablica, Omar Pereira; el secretario de An\u00e1lisis y Gesti\u00f3n de Informaci\u00f3n, Esteban Santantino; la secretaria de Coordinaci\u00f3n T\u00e9cnica y Administraci\u00f3n Financiera, Georgina Orciani; el Jefe de la URII de Polic\u00eda, Daniel Acosta; diputados provinciales; concejales y dem\u00e1s autoridades.<\/p>\n<p>Ofertas<\/p>\n<p>En la primera licitaci\u00f3n para la compra de 100 pistolas, 200 bodycam, 600 cartuchos adicionales se present\u00f3 la empresa Bucello y Asociados SRL que ofert\u00f3 $1.919.991.000.<br \/>\nEn la segunda licitaci\u00f3n para la compra de 100 armas a base de di\u00f3xido de carbono que disparan proyectiles cin\u00e9ticos se presentaron dos ofertas: la empresa Punto de Impacto S.A que ofert\u00f3 $ 434.870.000; y Bersa S.A que ofert\u00f3 $ 478.435.008.<\/p>\n<p>Detalles de las pistolas<\/p>\n<p>La pistola de electroshock -tambi\u00e9n llamada dispositivo de inmovilizaci\u00f3n o disruptor neuro-muscular- al ser disparada lanza dardos que se enganchan en la ropa del agresor, estos est\u00e1n conectados a alambres que son alimentados por una bater\u00eda recargable dentro del mismo dispositivo, los dardos al interceptar a la persona trasladan una carga el\u00e9ctrica que generan una par\u00e1lisis muscular moment\u00e1nea en el cuerpo de quien recibe el impacto, sin provocar lesiones de graves y permitiendo que el personal de seguridad pueda reducirlo.<\/p>\n<p>En tanto, las pistolas a base de di\u00f3xido de carbono disparan proyectiles cin\u00e9ticos, municiones compuestas por un pol\u00edmero que puede ser hueco o relleno de una sustancia irritante.<\/p>\n","protected":false},"excerpt":{"rendered":"<p>Lo afirm\u00f3 el gobernador al licitar la compra de 100 pistolas de electroshock y otras 100 a base de di\u00f3xido de carbono. La inversi\u00f3n ser\u00e1 de $ 1.700 millones. Emotivo momento con el polic\u00eda Luciano Nocelli, quien recuper\u00f3 la libertad luego de anularse su condena por la muerte de dos motochorros en un enfrentamiento. El [&hellip;]<\/p>\n","protected":false},"author":3,"featured_media":59966,"comment_status":"closed","ping_status":"closed","sticky":false,"template":"","format":"standard","meta":{"_joinchat":[],"footnotes":""},"categories":[60],"tags":[],"class_list":{"0":"post-59965","1":"post","2":"type-post","3":"status-publish","4":"format-standard","5":"has-post-thumbnail","7":"category-provinciales"},"_links":{"self":[{"href":"https:\/\/infovera.com.ar\/web\/wp-json\/wp\/v2\/posts\/59965","targetHints":{"allow":["GET"]}}],"collection":[{"href":"https:\/\/infovera.com.ar\/web\/wp-json\/wp\/v2\/posts"}],"about":[{"href":"https:\/\/infovera.com.ar\/web\/wp-json\/wp\/v2\/types\/post"}],"author":[{"embeddable":true,"href":"https:\/\/infovera.com.ar\/web\/wp-json\/wp\/v2\/users\/3"}],"replies":[{"embeddable":true,"href":"https:\/\/infovera.com.ar\/web\/wp-json\/wp\/v2\/comments?post=59965"}],"version-history":[{"count":0,"href":"https:\/\/infovera.com.ar\/web\/wp-json\/wp\/v2\/posts\/59965\/revisions"}],"wp:featuredmedia":[{"embeddable":true,"href":"https:\/\/infovera.com.ar\/web\/wp-json\/wp\/v2\/media\/59966"}],"wp:attachment":[{"href":"https:\/\/infovera.com.ar\/web\/wp-json\/wp\/v2\/media?parent=59965"}],"wp:term":[{"taxonomy":"category","embeddable":true,"href":"https:\/\/infovera.com.ar\/web\/wp-json\/wp\/v2\/categories?post=59965"},{"taxonomy":"post_tag","embeddable":true,"href":"https:\/\/infovera.com.ar\/web\/wp-json\/wp\/v2\/tags?post=59965"}],"curies":[{"name":"wp","href":"https:\/\/api.w.org\/{rel}","templated":true}]}}