{"id":59957,"date":"2025-03-26T11:17:58","date_gmt":"2025-03-26T14:17:58","guid":{"rendered":"https:\/\/infovera.com.ar\/web\/?p=59957"},"modified":"2025-03-26T11:17:58","modified_gmt":"2025-03-26T14:17:58","slug":"avellaneda-presento-su-nuevo-centro-de-operaciones-y-videovigilancia","status":"publish","type":"post","link":"https:\/\/infovera.com.ar\/web\/2025\/03\/26\/avellaneda-presento-su-nuevo-centro-de-operaciones-y-videovigilancia\/","title":{"rendered":"Avellaneda present\u00f3 su nuevo Centro de Operaciones y Videovigilancia"},"content":{"rendered":"<p>El intendente Gonzalo Braidot -junto al ecretario de Gobierno, Esteban Zanel, el jefe de la PDI Nodo Reconquista, C\u00e9sar Moreira y el jefe de Emergencias 911 Fabi\u00e1n Braidot- encabez\u00f3 hoy, mi\u00e9rcoles 26 de marzo, la presentaci\u00f3n del nuevo Centro de Operaciones y Videovigilancia de la ciudad de Avellaneda.<\/p>\n<p>La iniciativa, forma parte del compromiso asumido por el gobierno local de aportar herramientas concretas para la prevenci\u00f3n y resoluci\u00f3n de hechos delictivos. \u201cEs importante dejar algo en claro a la comunidad: esto no viene a solucionar por s\u00ed solo el problema de la inseguridad, pero s\u00ed es una herramienta clave para colaborar con las fuerzas. Lo asumimos con responsabilidad y con una decisi\u00f3n pol\u00edtica firme, porque entendemos que la regi\u00f3n que conforman Avellaneda y Reconquista \u2014la tercera aglomeraci\u00f3n urbana m\u00e1s importante de la provincia\u2014 necesita dar estos pasos\u201d, afirm\u00f3 el intendente Braidot.<\/p>\n<p>Aunque la seguridad no es una competencia directa del municipio, las autoridades remarcaron la decisi\u00f3n de involucrarse activamente. \u201cSabemos que desde lo institucional no tenemos la responsabilidad directa sobre la seguridad, pero asumimos el compromiso de gestionar, de involucrarnos y de estar presentes. Porque as\u00ed lo demanda nuestra comunidad\u201d, a\u00f1adi\u00f3 el mandatario.<\/p>\n<p>\u201cQueremos agradecer tambi\u00e9n al Gobierno de la Provincia y al gobernador Maximiliano Pullaro, con quien venimos articulando distintas acciones en materia de seguridad. Este Centro es parte de una visi\u00f3n compartida que busca brindar respuestas concretas a los vecinos y mejorar la calidad de vida de los vecinos\u201d, manifest\u00f3 el jefe de gobierno Local.<\/p>\n<p>Por su parte, el secretario de Gobierno, Esteban Zanel, detall\u00f3 los avances tecnol\u00f3gicos que incorpora el nuevo centro: \u201ccontamos con herramientas anal\u00edticas como c\u00e1maras con lector de patentes. Si se ingresa un dominio en el sistema, se puede rastrear por d\u00f3nde circul\u00f3 ese veh\u00edculo durante el \u00faltimo mes, siempre que haya pasado por alguna de estas c\u00e1maras. Esta tecnolog\u00eda es clave para esclarecer delitos complejos. Muchas veces no se difunde su uso por razones judiciales, pero sabemos que funciona y da resultados, por eso vamos a seguir incorpor\u00e1ndola\u201d.<\/p>\n<p>En tanto, el jefe de la PDI Nodo Reconquista, C\u00e9sar Moreira, destac\u00f3 el valor de la articulaci\u00f3n constante entre los equipos: \u201cEstamos en contacto permanente con Esteban y su equipo. Incluso fines de semana, de madrugada, cuando hace falta. Esa disposici\u00f3n y el compromiso de tener un operador monitoreando las 24 horas son fundamentales. Porque la inseguridad no descansa, y este sistema tampoco\u201d.<\/p>\n<p><strong>Caracter\u00edsticas del Centro de Operaciones y Videovigilancia<\/strong><\/p>\n<p>Servidor con capacidad para almacenar m\u00e1s de 30 d\u00edas de videos en alta resoluci\u00f3n.<br \/>\nEquipamiento de \u00faltima tecnolog\u00eda: computadoras y televisores para operadores.<br \/>\nIncorporaci\u00f3n de tecnolog\u00eda anal\u00edtica: lectura de patentes en ingresos estrat\u00e9gicos.<\/p>\n<p>M\u00e1s de 70 c\u00e1maras IP colocadas en el ejido urbano.<\/p>\n<p>M\u00e1s de 500 registros f\u00edlmicos aportados a las fuerzas de seguridad durante 2024.<\/p>\n<p>Operaci\u00f3n 24\/7 con la participaci\u00f3n de polic\u00edas retirados y bomberos.<\/p>\n<p>Este nuevo centro refuerza el compromiso del gobierno local con la seguridad p\u00fablica, apostando a la tecnolog\u00eda, el trabajo en red y la presencia constante como ejes fundamentales.<\/p>\n","protected":false},"excerpt":{"rendered":"<p>El intendente Gonzalo Braidot -junto al ecretario de Gobierno, Esteban Zanel, el jefe de la PDI Nodo Reconquista, C\u00e9sar Moreira y el jefe de Emergencias 911 Fabi\u00e1n Braidot- encabez\u00f3 hoy, mi\u00e9rcoles 26 de marzo, la presentaci\u00f3n del nuevo Centro de Operaciones y Videovigilancia de la ciudad de Avellaneda. La iniciativa, forma parte del compromiso asumido [&hellip;]<\/p>\n","protected":false},"author":3,"featured_media":59958,"comment_status":"closed","ping_status":"closed","sticky":false,"template":"","format":"standard","meta":{"_joinchat":[],"footnotes":""},"categories":[61],"tags":[],"class_list":{"0":"post-59957","1":"post","2":"type-post","3":"status-publish","4":"format-standard","5":"has-post-thumbnail","7":"category-regionales"},"_links":{"self":[{"href":"https:\/\/infovera.com.ar\/web\/wp-json\/wp\/v2\/posts\/59957","targetHints":{"allow":["GET"]}}],"collection":[{"href":"https:\/\/infovera.com.ar\/web\/wp-json\/wp\/v2\/posts"}],"about":[{"href":"https:\/\/infovera.com.ar\/web\/wp-json\/wp\/v2\/types\/post"}],"author":[{"embeddable":true,"href":"https:\/\/infovera.com.ar\/web\/wp-json\/wp\/v2\/users\/3"}],"replies":[{"embeddable":true,"href":"https:\/\/infovera.com.ar\/web\/wp-json\/wp\/v2\/comments?post=59957"}],"version-history":[{"count":0,"href":"https:\/\/infovera.com.ar\/web\/wp-json\/wp\/v2\/posts\/59957\/revisions"}],"wp:featuredmedia":[{"embeddable":true,"href":"https:\/\/infovera.com.ar\/web\/wp-json\/wp\/v2\/media\/59958"}],"wp:attachment":[{"href":"https:\/\/infovera.com.ar\/web\/wp-json\/wp\/v2\/media?parent=59957"}],"wp:term":[{"taxonomy":"category","embeddable":true,"href":"https:\/\/infovera.com.ar\/web\/wp-json\/wp\/v2\/categories?post=59957"},{"taxonomy":"post_tag","embeddable":true,"href":"https:\/\/infovera.com.ar\/web\/wp-json\/wp\/v2\/tags?post=59957"}],"curies":[{"name":"wp","href":"https:\/\/api.w.org\/{rel}","templated":true}]}}