{"id":59951,"date":"2025-03-26T10:59:23","date_gmt":"2025-03-26T13:59:23","guid":{"rendered":"https:\/\/infovera.com.ar\/web\/?p=59951"},"modified":"2025-03-27T09:44:49","modified_gmt":"2025-03-27T12:44:49","slug":"vialidad-nacional-realiza-bacheo-preventivo-en-la-ruta-11-entre-san-justo-y-videla","status":"publish","type":"post","link":"https:\/\/infovera.com.ar\/web\/2025\/03\/26\/vialidad-nacional-realiza-bacheo-preventivo-en-la-ruta-11-entre-san-justo-y-videla\/","title":{"rendered":"Vialidad Nacional realiza bacheo preventivo en la Ruta 11, entre San Justo y Videla"},"content":{"rendered":"<p>El 7\u00ba Distrito Santa Fe de Vialidad Nacional contin\u00faa con las tareas de conservaci\u00f3n de la transitabilidad sobre la Ruta Nacional 11, al norte de la capital provincial. Con equipos y maquinaria propia los trabajos de bacheo preventivo se ejecutan esta jornada entre San Justo y Videla, con reducci\u00f3n de carril y paso alternado.<\/p>\n<p>En las intervenciones se utiliza material en fr\u00edo, acciones de mantenimiento que se complementan con obras de mayor relevancia concretadas el a\u00f1o pasado en el tramo, con mejoras especialmente en las traves\u00edas urbanas de San Justo, Videla, Llambi Campbell, Nelson y Candioti.<\/p>\n<p>Vialidad Nacional reitera la solicitud de extremar las precauciones y reducir la velocidad en los tramos con presencia de la cuadrilla vial.<\/p>\n","protected":false},"excerpt":{"rendered":"<p>El 7\u00ba Distrito Santa Fe de Vialidad Nacional contin\u00faa con las tareas de conservaci\u00f3n de la transitabilidad sobre la Ruta Nacional 11, al norte de la capital provincial. Con equipos y maquinaria propia los trabajos de bacheo preventivo se ejecutan esta jornada entre San Justo y Videla, con reducci\u00f3n de carril y paso alternado. En [&hellip;]<\/p>\n","protected":false},"author":3,"featured_media":59952,"comment_status":"closed","ping_status":"closed","sticky":false,"template":"","format":"standard","meta":{"_joinchat":[],"footnotes":""},"categories":[61],"tags":[],"class_list":{"0":"post-59951","1":"post","2":"type-post","3":"status-publish","4":"format-standard","5":"has-post-thumbnail","7":"category-regionales"},"_links":{"self":[{"href":"https:\/\/infovera.com.ar\/web\/wp-json\/wp\/v2\/posts\/59951","targetHints":{"allow":["GET"]}}],"collection":[{"href":"https:\/\/infovera.com.ar\/web\/wp-json\/wp\/v2\/posts"}],"about":[{"href":"https:\/\/infovera.com.ar\/web\/wp-json\/wp\/v2\/types\/post"}],"author":[{"embeddable":true,"href":"https:\/\/infovera.com.ar\/web\/wp-json\/wp\/v2\/users\/3"}],"replies":[{"embeddable":true,"href":"https:\/\/infovera.com.ar\/web\/wp-json\/wp\/v2\/comments?post=59951"}],"version-history":[{"count":0,"href":"https:\/\/infovera.com.ar\/web\/wp-json\/wp\/v2\/posts\/59951\/revisions"}],"wp:featuredmedia":[{"embeddable":true,"href":"https:\/\/infovera.com.ar\/web\/wp-json\/wp\/v2\/media\/59952"}],"wp:attachment":[{"href":"https:\/\/infovera.com.ar\/web\/wp-json\/wp\/v2\/media?parent=59951"}],"wp:term":[{"taxonomy":"category","embeddable":true,"href":"https:\/\/infovera.com.ar\/web\/wp-json\/wp\/v2\/categories?post=59951"},{"taxonomy":"post_tag","embeddable":true,"href":"https:\/\/infovera.com.ar\/web\/wp-json\/wp\/v2\/tags?post=59951"}],"curies":[{"name":"wp","href":"https:\/\/api.w.org\/{rel}","templated":true}]}}