{"id":59899,"date":"2025-03-24T11:19:24","date_gmt":"2025-03-24T14:19:24","guid":{"rendered":"https:\/\/infovera.com.ar\/web\/?p=59899"},"modified":"2025-03-24T11:19:24","modified_gmt":"2025-03-24T14:19:24","slug":"detuvieron-a-un-hombre-con-pedido-de-captura-de-la-justicia-federal","status":"publish","type":"post","link":"https:\/\/infovera.com.ar\/web\/2025\/03\/24\/detuvieron-a-un-hombre-con-pedido-de-captura-de-la-justicia-federal\/","title":{"rendered":"Detuvieron a un hombre con pedido de captura de la justicia federal"},"content":{"rendered":"<p>A las 23:10 del domingo, personal del Comando de Avellaneda que se encontraba realizando patrullaje preventivo por calles 1 y 16 procedi\u00f3 a la identificaci\u00f3n de un hombre, mayor de edad, domiciliado en ese medio.<\/p>\n<p>Consultado por central 911, inform\u00f3 pedido de captura y detenci\u00f3n por infracci\u00f3n a la ley 23.737 requerida por Juzgado Federal de Resistencia. Se dio conocimiento a autoridades de la justicia federal del Chaco desde donde se dispuso que el sujeto permanezca en calidad de detenido.<\/p>\n","protected":false},"excerpt":{"rendered":"<p>A las 23:10 del domingo, personal del Comando de Avellaneda que se encontraba realizando patrullaje preventivo por calles 1 y 16 procedi\u00f3 a la identificaci\u00f3n de un hombre, mayor de edad, domiciliado en ese medio. Consultado por central 911, inform\u00f3 pedido de captura y detenci\u00f3n por infracci\u00f3n a la ley 23.737 requerida por Juzgado Federal [&hellip;]<\/p>\n","protected":false},"author":3,"featured_media":59900,"comment_status":"closed","ping_status":"closed","sticky":false,"template":"","format":"standard","meta":{"_joinchat":[],"footnotes":""},"categories":[30,61],"tags":[],"class_list":{"0":"post-59899","1":"post","2":"type-post","3":"status-publish","4":"format-standard","5":"has-post-thumbnail","7":"category-policiales","8":"category-regionales"},"_links":{"self":[{"href":"https:\/\/infovera.com.ar\/web\/wp-json\/wp\/v2\/posts\/59899","targetHints":{"allow":["GET"]}}],"collection":[{"href":"https:\/\/infovera.com.ar\/web\/wp-json\/wp\/v2\/posts"}],"about":[{"href":"https:\/\/infovera.com.ar\/web\/wp-json\/wp\/v2\/types\/post"}],"author":[{"embeddable":true,"href":"https:\/\/infovera.com.ar\/web\/wp-json\/wp\/v2\/users\/3"}],"replies":[{"embeddable":true,"href":"https:\/\/infovera.com.ar\/web\/wp-json\/wp\/v2\/comments?post=59899"}],"version-history":[{"count":0,"href":"https:\/\/infovera.com.ar\/web\/wp-json\/wp\/v2\/posts\/59899\/revisions"}],"wp:featuredmedia":[{"embeddable":true,"href":"https:\/\/infovera.com.ar\/web\/wp-json\/wp\/v2\/media\/59900"}],"wp:attachment":[{"href":"https:\/\/infovera.com.ar\/web\/wp-json\/wp\/v2\/media?parent=59899"}],"wp:term":[{"taxonomy":"category","embeddable":true,"href":"https:\/\/infovera.com.ar\/web\/wp-json\/wp\/v2\/categories?post=59899"},{"taxonomy":"post_tag","embeddable":true,"href":"https:\/\/infovera.com.ar\/web\/wp-json\/wp\/v2\/tags?post=59899"}],"curies":[{"name":"wp","href":"https:\/\/api.w.org\/{rel}","templated":true}]}}