{"id":59877,"date":"2025-03-22T13:09:18","date_gmt":"2025-03-22T16:09:18","guid":{"rendered":"https:\/\/infovera.com.ar\/web\/?p=59877"},"modified":"2025-03-22T19:35:27","modified_gmt":"2025-03-22T22:35:27","slug":"fue-detenido-un-hombre-por-el-robo-a-una-firma-ganadera-de-vera","status":"publish","type":"post","link":"https:\/\/infovera.com.ar\/web\/2025\/03\/22\/fue-detenido-un-hombre-por-el-robo-a-una-firma-ganadera-de-vera\/","title":{"rendered":"Fue detenido un hombre por el robo a una firma ganadera de Vera"},"content":{"rendered":"<p>*APREHENDIERON A UN HOMBRE, RECUPERARON GANADO VACUNO ROBADO, SECUESTRARON TRES ARMAS DE FUEGO, MUNICIONES, ENTRE OTROS ELEMENTOS DE INTER\u00c9S JUDICIAL, PARA EL ESCLARECIMIENTO DE UN ABIGEATO AGRAVADO*<\/p>\n<p>_Fue tras allanamientos concretados en La Cig\u00fce\u00f1a por polic\u00edas rurales de las Secciones N\u00ba 20 de esa localidad y de la N\u00ba 19 de Vera, ambas dependientes de la DGSR &#8220;Los Pumas&#8221;, junto a efectivos del Grupo de Operaciones T\u00e1cticas verense de la UR XIX, como resultado de pesquisas concretadas por los actuantes, en cumplimiento de disposiciones judiciales._<\/p>\n<p>En el transcurso de las \u00faltimas horas, numerarios de la Direcci\u00f3n Gral. de Seguridad Rural &#8220;Los Pumas&#8221; procedieron a la aprehensi\u00f3n y traslado preventivo de un hombre de 39 a\u00f1os, como as\u00ed tambi\u00e9n al recupero de ganado vacuno robado d\u00edas atr\u00e1s, adem\u00e1s de secuestrar una camioneta, tres armas de fuego de diferentes caracter\u00edsticas y calibres, cartuchos intactos, diversas armas punzocortantes tipos cuchillos, tijeras y un machete, celulares, entre otros objetos de inter\u00e9s judicial.<\/p>\n<p>Tras investigaciones efectuadas por los uniformados, y mu\u00f1idos con los recaudos legales correspondientes, los agentes cumplimentaron lo dispuesto por la Fiscal\u00eda competente cuyos resultados fueron positivos, tanto en lo secuestrado como en la persona que estar\u00eda involucrada en la comisi\u00f3n del delito.<\/p>\n<p>Finalmente, una vez conocidas y comunicadas las novedades al \u00f3rgano judicial interviniente, trasladaron al aprehendido a la Alcaid\u00eda de la Unidad Regional XIX &#8211; Depto. Vera.<\/p>\n","protected":false},"excerpt":{"rendered":"<p>*APREHENDIERON A UN HOMBRE, RECUPERARON GANADO VACUNO ROBADO, SECUESTRARON TRES ARMAS DE FUEGO, MUNICIONES, ENTRE OTROS ELEMENTOS DE INTER\u00c9S JUDICIAL, PARA EL ESCLARECIMIENTO DE UN ABIGEATO AGRAVADO* _Fue tras allanamientos concretados en La Cig\u00fce\u00f1a por polic\u00edas rurales de las Secciones N\u00ba 20 de esa localidad y de la N\u00ba 19 de Vera, ambas dependientes de [&hellip;]<\/p>\n","protected":false},"author":3,"featured_media":59878,"comment_status":"closed","ping_status":"closed","sticky":false,"template":"","format":"standard","meta":{"_joinchat":[],"footnotes":""},"categories":[30,53],"tags":[],"class_list":{"0":"post-59877","1":"post","2":"type-post","3":"status-publish","4":"format-standard","5":"has-post-thumbnail","7":"category-policiales","8":"category-vera"},"_links":{"self":[{"href":"https:\/\/infovera.com.ar\/web\/wp-json\/wp\/v2\/posts\/59877","targetHints":{"allow":["GET"]}}],"collection":[{"href":"https:\/\/infovera.com.ar\/web\/wp-json\/wp\/v2\/posts"}],"about":[{"href":"https:\/\/infovera.com.ar\/web\/wp-json\/wp\/v2\/types\/post"}],"author":[{"embeddable":true,"href":"https:\/\/infovera.com.ar\/web\/wp-json\/wp\/v2\/users\/3"}],"replies":[{"embeddable":true,"href":"https:\/\/infovera.com.ar\/web\/wp-json\/wp\/v2\/comments?post=59877"}],"version-history":[{"count":0,"href":"https:\/\/infovera.com.ar\/web\/wp-json\/wp\/v2\/posts\/59877\/revisions"}],"wp:featuredmedia":[{"embeddable":true,"href":"https:\/\/infovera.com.ar\/web\/wp-json\/wp\/v2\/media\/59878"}],"wp:attachment":[{"href":"https:\/\/infovera.com.ar\/web\/wp-json\/wp\/v2\/media?parent=59877"}],"wp:term":[{"taxonomy":"category","embeddable":true,"href":"https:\/\/infovera.com.ar\/web\/wp-json\/wp\/v2\/categories?post=59877"},{"taxonomy":"post_tag","embeddable":true,"href":"https:\/\/infovera.com.ar\/web\/wp-json\/wp\/v2\/tags?post=59877"}],"curies":[{"name":"wp","href":"https:\/\/api.w.org\/{rel}","templated":true}]}}