{"id":59864,"date":"2025-03-21T06:05:27","date_gmt":"2025-03-21T09:05:27","guid":{"rendered":"https:\/\/infovera.com.ar\/web\/?p=59864"},"modified":"2025-03-21T22:53:03","modified_gmt":"2025-03-22T01:53:03","slug":"vuelve-el-basquet-de-la-asociacion-reconquistense","status":"publish","type":"post","link":"https:\/\/infovera.com.ar\/web\/2025\/03\/21\/vuelve-el-basquet-de-la-asociacion-reconquistense\/","title":{"rendered":"Vuelve el b\u00e1squet de la Asociaci\u00f3n Reconquistense"},"content":{"rendered":"<p>Se inicia el Torneo de divisiones formativas, el mismo se jugar\u00e1 en dos zonas, (norte y sur).<\/p>\n<p>Zona Norte: C\u00edrculo Recreativo de Vera, Juventud de Malabrigo, Platense-el porvenir y Adelante de Reconquista, Uni\u00f3n de Avellaneda.<\/p>\n<p>Zona Sur: Centro Recreativo Calchaqu\u00ed, Belgrano de Crespo, Hurac\u00e1n y Central San Javier.<\/p>\n<p>Este fin de semana la actividad ser\u00e1 en Crespo, donde Belgrano recibir\u00e1 a C.R.C. en categor\u00eda U13 y U15 desde las 11 hs.<\/p>\n<p>Tambi\u00e9n desde las 11 hs, pero en Vera, C\u00edrculo recibe a Juventud de Malabrigo en U13, U15 y U17.<\/p>\n<p>En Reconquista, Adelante recibe a Platense en U13, U15 y U17 desde las 15:30 hs.<\/p>\n<p>La fecha se completa con el cl\u00e1sico de San Javier, Central recibe a Hurac\u00e1n desde las 16:30 hs.<\/p>\n<p>Mayores<\/p>\n<p>Pronto estar\u00e1 arrancando el Torneo de Mayores, en el que participar\u00e1n Hurac\u00e1n y Central de San Javier, C\u00edrculo de Vera, Juventud de Malabrigo, Uni\u00f3n de Avellaneda, Adelante y Platense de Reconquista, donde jugar\u00e1n dos ruedas y luego los play off seg\u00fan las posiciones que logren en la fase regular.<\/p>\n<p>Tambi\u00e9n en Uni\u00f3n pero en femenino se realizar\u00e1 un Encuentro de Basquetbol Femenino entre los clubes, San Lorenzo y Atl\u00e9tico de Tostado, Platense y Uni\u00f3n, estos partidos se jugar\u00e1n s\u00e1bado por la tarde y domingo todo el d\u00eda.<\/p>\n","protected":false},"excerpt":{"rendered":"<p>Se inicia el Torneo de divisiones formativas, el mismo se jugar\u00e1 en dos zonas, (norte y sur). Zona Norte: C\u00edrculo Recreativo de Vera, Juventud de Malabrigo, Platense-el porvenir y Adelante de Reconquista, Uni\u00f3n de Avellaneda. Zona Sur: Centro Recreativo Calchaqu\u00ed, Belgrano de Crespo, Hurac\u00e1n y Central San Javier. Este fin de semana la actividad ser\u00e1 [&hellip;]<\/p>\n","protected":false},"author":3,"featured_media":59865,"comment_status":"closed","ping_status":"closed","sticky":false,"template":"","format":"standard","meta":{"_joinchat":[],"footnotes":""},"categories":[31,51],"tags":[],"class_list":{"0":"post-59864","1":"post","2":"type-post","3":"status-publish","4":"format-standard","5":"has-post-thumbnail","7":"category-deportes","8":"category-locales"},"_links":{"self":[{"href":"https:\/\/infovera.com.ar\/web\/wp-json\/wp\/v2\/posts\/59864","targetHints":{"allow":["GET"]}}],"collection":[{"href":"https:\/\/infovera.com.ar\/web\/wp-json\/wp\/v2\/posts"}],"about":[{"href":"https:\/\/infovera.com.ar\/web\/wp-json\/wp\/v2\/types\/post"}],"author":[{"embeddable":true,"href":"https:\/\/infovera.com.ar\/web\/wp-json\/wp\/v2\/users\/3"}],"replies":[{"embeddable":true,"href":"https:\/\/infovera.com.ar\/web\/wp-json\/wp\/v2\/comments?post=59864"}],"version-history":[{"count":0,"href":"https:\/\/infovera.com.ar\/web\/wp-json\/wp\/v2\/posts\/59864\/revisions"}],"wp:featuredmedia":[{"embeddable":true,"href":"https:\/\/infovera.com.ar\/web\/wp-json\/wp\/v2\/media\/59865"}],"wp:attachment":[{"href":"https:\/\/infovera.com.ar\/web\/wp-json\/wp\/v2\/media?parent=59864"}],"wp:term":[{"taxonomy":"category","embeddable":true,"href":"https:\/\/infovera.com.ar\/web\/wp-json\/wp\/v2\/categories?post=59864"},{"taxonomy":"post_tag","embeddable":true,"href":"https:\/\/infovera.com.ar\/web\/wp-json\/wp\/v2\/tags?post=59864"}],"curies":[{"name":"wp","href":"https:\/\/api.w.org\/{rel}","templated":true}]}}