{"id":59842,"date":"2025-03-20T14:01:16","date_gmt":"2025-03-20T17:01:16","guid":{"rendered":"https:\/\/infovera.com.ar\/web\/?p=59842"},"modified":"2025-03-20T14:01:16","modified_gmt":"2025-03-20T17:01:16","slug":"cambios-en-comisarias-y-destacamentos-de-san-justo","status":"publish","type":"post","link":"https:\/\/infovera.com.ar\/web\/2025\/03\/20\/cambios-en-comisarias-y-destacamentos-de-san-justo\/","title":{"rendered":"Cambios en comisar\u00edas y destacamentos de San Justo"},"content":{"rendered":"<p>La Unidad Regional XVI dio a conocer las nuevas autoridades que quedaron a cargo en distintas dependencias policiales del departamento San Justo:<\/p>\n<p>JEFE DE COMISAR\u00cdA SEGUNDA SAN JUSTO: SUBCOMISARIO PABLO SCARAFIA<\/p>\n<p>SUBJEFE DE COMISAR\u00cdA SEGUNDA SAN JUSTO: SUBCOMISARIO ALEJANDRO MENDOZA<\/p>\n<p>JEFE DE COMISAR\u00cdA QUINTA RAMAY\u00d3N: INSPECTOR GAST\u00d3N URSPRUNG<\/p>\n<p>SUBJEFE DE COMISAR\u00cdA QUINTA RAMAY\u00d3N: INSPECTOR ARIEL ALTAMIRANDA<\/p>\n<p>SUBJEFE DE COMISAR\u00cdA SEXTA MNO. ESCALADA: INSPECTOR MOIS\u00c9S LEMOS<\/p>\n<p>SUBJEFE DE COMISAR\u00cdA OCTAVA VERA Y PINTADO: INSPECTOR AVELINO ANTONIO<\/p>\n<p>JEFE DESTACAMENTO NOVENO COLONIA ANGELONI: INSPECTOR ROQUE GIORDANO<\/p>\n<p>JEFE MOTORIZADA COMANDO RADIOEL\u00c9CTRICO SAN JUSTO: INSPECTOR LEANDRO GAIT\u00c1N<\/p>\n<p>SUBJEFA MOTORIZADA COMANDO RADIOEL\u00c9CTRICO SAN JUSTO: INSPECTOR LAURA<br \/>\nMART\u00cdNEZ<\/p>\n","protected":false},"excerpt":{"rendered":"<p>La Unidad Regional XVI dio a conocer las nuevas autoridades que quedaron a cargo en distintas dependencias policiales del departamento San Justo: JEFE DE COMISAR\u00cdA SEGUNDA SAN JUSTO: SUBCOMISARIO PABLO SCARAFIA SUBJEFE DE COMISAR\u00cdA SEGUNDA SAN JUSTO: SUBCOMISARIO ALEJANDRO MENDOZA JEFE DE COMISAR\u00cdA QUINTA RAMAY\u00d3N: INSPECTOR GAST\u00d3N URSPRUNG SUBJEFE DE COMISAR\u00cdA QUINTA RAMAY\u00d3N: INSPECTOR ARIEL [&hellip;]<\/p>\n","protected":false},"author":3,"featured_media":0,"comment_status":"closed","ping_status":"closed","sticky":false,"template":"","format":"standard","meta":{"_joinchat":[],"footnotes":""},"categories":[43,61,36],"tags":[],"class_list":{"0":"post-59842","1":"post","2":"type-post","3":"status-publish","4":"format-standard","6":"category-institucionales","7":"category-regionales","8":"category-sociedad"},"_links":{"self":[{"href":"https:\/\/infovera.com.ar\/web\/wp-json\/wp\/v2\/posts\/59842","targetHints":{"allow":["GET"]}}],"collection":[{"href":"https:\/\/infovera.com.ar\/web\/wp-json\/wp\/v2\/posts"}],"about":[{"href":"https:\/\/infovera.com.ar\/web\/wp-json\/wp\/v2\/types\/post"}],"author":[{"embeddable":true,"href":"https:\/\/infovera.com.ar\/web\/wp-json\/wp\/v2\/users\/3"}],"replies":[{"embeddable":true,"href":"https:\/\/infovera.com.ar\/web\/wp-json\/wp\/v2\/comments?post=59842"}],"version-history":[{"count":0,"href":"https:\/\/infovera.com.ar\/web\/wp-json\/wp\/v2\/posts\/59842\/revisions"}],"wp:attachment":[{"href":"https:\/\/infovera.com.ar\/web\/wp-json\/wp\/v2\/media?parent=59842"}],"wp:term":[{"taxonomy":"category","embeddable":true,"href":"https:\/\/infovera.com.ar\/web\/wp-json\/wp\/v2\/categories?post=59842"},{"taxonomy":"post_tag","embeddable":true,"href":"https:\/\/infovera.com.ar\/web\/wp-json\/wp\/v2\/tags?post=59842"}],"curies":[{"name":"wp","href":"https:\/\/api.w.org\/{rel}","templated":true}]}}