{"id":59806,"date":"2025-03-19T10:22:00","date_gmt":"2025-03-19T13:22:00","guid":{"rendered":"https:\/\/infovera.com.ar\/web\/?p=59806"},"modified":"2025-03-19T13:31:20","modified_gmt":"2025-03-19T16:31:20","slug":"imputaron-a-pipo-garcia-por-abigeato-agravado","status":"publish","type":"post","link":"https:\/\/infovera.com.ar\/web\/2025\/03\/19\/imputaron-a-pipo-garcia-por-abigeato-agravado\/","title":{"rendered":"Imputaron a Pipo Garc\u00eda por abigeato agravado"},"content":{"rendered":"<p>En la jornada del martes, el fiscal Nicol\u00e1s Maglier, imput\u00f3 a V\u00edctor Pipo Garc\u00eda, presidente comunal de Lanteri, y a Alberto Saucedo por abigeato agravado. Garc\u00eda estuvo patrocinado por el Dr. Marcelo Venetucci y Alberto Saucedo por el Dr. Roverto Pagura.<\/p>\n<p><strong>InfoVera dialog\u00f3 con el fiscal Maglier:<\/strong><\/p>\n<p><strong>&#8211; Esto tiene que ver con un hecho que hab\u00eda ocurrido o que se comenz\u00f3 a investigar en\u00a0 el mes de diciembre, \u00bfes as\u00ed?\u00a0<\/strong><\/p>\n<p>&#8211; Efectivamente, en la jornada de ayer se realiz\u00f3 la audiencia imputativa aqu\u00ed en sede del\u00a0 Ministerio P\u00fablico de la Acusaci\u00f3n, la Unidad Fiscal Reconquista, para ambas personas mencionadas.<\/p>\n<p>Esto se condice con hechos ocurridos entre el 21 y el 26 de diciembre del a\u00f1o 2024. La causa me fue remitida e ingres\u00f3 a mi oficina hace aproximadamente 10 d\u00edas. Desde entonces, reforzamos lo que tiene que ver con entrevistas previas y solicit\u00e9 al juez interviniente allanamientos que fueron practicados en b\u00fasqueda de un veh\u00edculo con el cual se habr\u00eda cometido el hecho.<\/p>\n<p>En principio, seg\u00fan la tesis fiscal, estamos hablando de una abigeato. La sustracci\u00f3n de cinco animales vacunos el 21 de diciembre del 2024 en detrimento de la v\u00edctima, Rosendo Corgniali, de la zona rural de la localidad de Nanteri, y el hallazgo el 26 de diciembre del a\u00f1o pasado de dichos animales en un fundo rural explotado por el se\u00f1or Garc\u00eda.<\/p>\n<p>De alguna manera, la hip\u00f3tesis de hecho que maneja la fiscal\u00eda no ha sido controvertida\u00a0 mayormente, sino lo que tiene que ver con la intencionalidad o el conocimiento previo del se\u00f1or Garc\u00eda, que l\u00f3gicamente la defensa y \u00e9l lo niegan, acerca de la propiedad de esos\u00a0 animales desde el punto de vista de que no eran de la persona que se los estaba entregando.<\/p>\n<p>En definitiva, entiendo que hay elementos para atribuir el hecho, entonces en la jornada de ayer se celebr\u00f3 la audiencia imputativa.<\/p>\n<p><strong>&#8211; \u00bfQu\u00e9 figuras se le imput\u00f3 a cada uno?\u00a0<\/strong><\/p>\n<p>&#8211; En principio, al se\u00f1or Garc\u00eda se le imput\u00f3 a abigeato agravado por la cantidad de cabezas\u00a0 vacunas, cinco en el caso, y por la participaci\u00f3n de una persona dedicada a la crianza y al cuidado de animales, que ser\u00eda justamente el se\u00f1or Saucedo. Eso en calidad de autor, mientras que al restante en calidad de part\u00edcipe primario.<\/p>\n<p><strong>&#8211; \u00bfC\u00f3mo contin\u00faa todo esto ahora?\u00a0 <\/strong><\/p>\n<p>&#8211; Vamos a agudizar lo que tiene que ver con la investigaci\u00f3n, la continuidad de la investigaci\u00f3n penal preparatoria. Cuando entienda que est\u00e1 concluida, lo que har\u00e9 es formular la acusaci\u00f3n, voy a entender la clausura de investigaci\u00f3n, voy a formular la acusaci\u00f3n, voy a pedir la elevaci\u00f3n de la causa a juicio.<\/p>\n<p><strong>&#8211; \u00bfSe van a hacer algunos peritajes celulares? <\/strong><\/p>\n<p>&#8211; Exactamente. Cuando se hizo el allanamiento en el fundo rural del se\u00f1or Garc\u00eda, en este t\u00e9rmino que antes te refer\u00eda, que esta causa a m\u00ed me lleg\u00f3 hace no muchos d\u00edas atr\u00e1s, Garc\u00eda no se encontraba, por eso es que no fue secuestrado el tel\u00e9fono celular, no fue por negligencia del personal interviniente, lo aclaro, por algunas versiones que de alguna\u00a0 manera se difundieron.<\/p>\n<p>Ahora se procedi\u00f3 justamente a la retenci\u00f3n de su celular y a la apertura del mismo. Con respecto a los veh\u00edculos que se utilizaron para el traslado de los animales, seguir\u00e1n bajo secuestro; y el veh\u00edculo que est\u00e1 secuestrado, que se condice con lo que los testigos refirieron acerca del utilizado en esa jornada con el tr\u00e1iler respectivo, fue puesto a disposici\u00f3n de la justicia como establece la ley.<\/p>\n","protected":false},"excerpt":{"rendered":"<p>En la jornada del martes, el fiscal Nicol\u00e1s Maglier, imput\u00f3 a V\u00edctor Pipo Garc\u00eda, presidente comunal de Lanteri, y a Alberto Saucedo por abigeato agravado. Garc\u00eda estuvo patrocinado por el Dr. Marcelo Venetucci y Alberto Saucedo por el Dr. Roverto Pagura. InfoVera dialog\u00f3 con el fiscal Maglier: &#8211; Esto tiene que ver con un hecho [&hellip;]<\/p>\n","protected":false},"author":3,"featured_media":59807,"comment_status":"closed","ping_status":"closed","sticky":false,"template":"","format":"standard","meta":{"_joinchat":[],"footnotes":""},"categories":[30,61],"tags":[],"class_list":{"0":"post-59806","1":"post","2":"type-post","3":"status-publish","4":"format-standard","5":"has-post-thumbnail","7":"category-policiales","8":"category-regionales"},"_links":{"self":[{"href":"https:\/\/infovera.com.ar\/web\/wp-json\/wp\/v2\/posts\/59806","targetHints":{"allow":["GET"]}}],"collection":[{"href":"https:\/\/infovera.com.ar\/web\/wp-json\/wp\/v2\/posts"}],"about":[{"href":"https:\/\/infovera.com.ar\/web\/wp-json\/wp\/v2\/types\/post"}],"author":[{"embeddable":true,"href":"https:\/\/infovera.com.ar\/web\/wp-json\/wp\/v2\/users\/3"}],"replies":[{"embeddable":true,"href":"https:\/\/infovera.com.ar\/web\/wp-json\/wp\/v2\/comments?post=59806"}],"version-history":[{"count":0,"href":"https:\/\/infovera.com.ar\/web\/wp-json\/wp\/v2\/posts\/59806\/revisions"}],"wp:featuredmedia":[{"embeddable":true,"href":"https:\/\/infovera.com.ar\/web\/wp-json\/wp\/v2\/media\/59807"}],"wp:attachment":[{"href":"https:\/\/infovera.com.ar\/web\/wp-json\/wp\/v2\/media?parent=59806"}],"wp:term":[{"taxonomy":"category","embeddable":true,"href":"https:\/\/infovera.com.ar\/web\/wp-json\/wp\/v2\/categories?post=59806"},{"taxonomy":"post_tag","embeddable":true,"href":"https:\/\/infovera.com.ar\/web\/wp-json\/wp\/v2\/tags?post=59806"}],"curies":[{"name":"wp","href":"https:\/\/api.w.org\/{rel}","templated":true}]}}