{"id":59796,"date":"2025-03-18T20:11:50","date_gmt":"2025-03-18T23:11:50","guid":{"rendered":"https:\/\/infovera.com.ar\/web\/?p=59796"},"modified":"2025-03-18T20:12:41","modified_gmt":"2025-03-18T23:12:41","slug":"derribar-muros-es-estar-siempre-cerca","status":"publish","type":"post","link":"https:\/\/infovera.com.ar\/web\/2025\/03\/18\/derribar-muros-es-estar-siempre-cerca\/","title":{"rendered":"Derribar muros es estar siempre cerca"},"content":{"rendered":"<p>El precandidato a concejal de Vera, Atilio Clement\u00edn, present\u00f3 en redes sociales una propuesta para planificar una ciudad m\u00e1s integrada, utilizando los murales del ferrocarril \u2014que en el pasado dividieron la ciudad\u2014 como s\u00edmbolo de uni\u00f3n.<\/p>\n<p>La iniciativa busca trabajar en conjunto con todos los niveles de gobierno para transformar esos predios en espacios comunes para todos los verenses. Un antecedente de esta visi\u00f3n es lo sucedido en 2018, cuando se derrib\u00f3 el sector de Pte. Per\u00f3n y Rivadavia para dar lugar al Paseo de las Artes, hoy un punto de encuentro para la cultura y la vida social de la comunidad.<\/p>\n<p>En su video, Clement\u00edn expres\u00f3: \u201cEste muro representa una divisi\u00f3n hist\u00f3rica que debe terminar en nuestra ciudad. Es una barrera tanto f\u00edsica como simb\u00f3lica. \u00bfQu\u00e9 pasa si nos animamos a so\u00f1ar los verenses? Parados de este lado, poder saludar a los vecinos del otro.\u201d<\/p>\n<p>Y concluy\u00f3 con un compromiso claro: \u201cVoy a gestionar ante Naci\u00f3n, Provincia y el Ejecutivo Municipal para lograr una Vera integrada, sin divisiones y sin muros que nos separen. Transformemos estos muros en historia y en valor para nuestra ciudad.\u201d<\/p>\n<p><em><strong>Mir\u00e1 el video:<\/strong><\/em><\/p>\n<div style=\"width: 480px;\" class=\"wp-video\"><video class=\"wp-video-shortcode\" id=\"video-59796-1\" width=\"480\" height=\"848\" preload=\"metadata\" controls=\"controls\"><source type=\"video\/mp4\" src=\"https:\/\/infovera.com.ar\/web\/wp-content\/uploads\/2025\/03\/WhatsApp-Video-2025-03-18-at-19.31.13.mp4?_=1\" \/><a href=\"https:\/\/infovera.com.ar\/web\/wp-content\/uploads\/2025\/03\/WhatsApp-Video-2025-03-18-at-19.31.13.mp4\">https:\/\/infovera.com.ar\/web\/wp-content\/uploads\/2025\/03\/WhatsApp-Video-2025-03-18-at-19.31.13.mp4<\/a><\/video><\/div>\n","protected":false},"excerpt":{"rendered":"<p>El precandidato a concejal de Vera, Atilio Clement\u00edn, present\u00f3 en redes sociales una propuesta para planificar una ciudad m\u00e1s integrada, utilizando los murales del ferrocarril \u2014que en el pasado dividieron la ciudad\u2014 como s\u00edmbolo de uni\u00f3n. La iniciativa busca trabajar en conjunto con todos los niveles de gobierno para transformar esos predios en espacios comunes [&hellip;]<\/p>\n","protected":false},"author":3,"featured_media":59798,"comment_status":"closed","ping_status":"closed","sticky":false,"template":"","format":"standard","meta":{"_joinchat":[],"footnotes":""},"categories":[53],"tags":[],"class_list":{"0":"post-59796","1":"post","2":"type-post","3":"status-publish","4":"format-standard","5":"has-post-thumbnail","7":"category-vera"},"_links":{"self":[{"href":"https:\/\/infovera.com.ar\/web\/wp-json\/wp\/v2\/posts\/59796","targetHints":{"allow":["GET"]}}],"collection":[{"href":"https:\/\/infovera.com.ar\/web\/wp-json\/wp\/v2\/posts"}],"about":[{"href":"https:\/\/infovera.com.ar\/web\/wp-json\/wp\/v2\/types\/post"}],"author":[{"embeddable":true,"href":"https:\/\/infovera.com.ar\/web\/wp-json\/wp\/v2\/users\/3"}],"replies":[{"embeddable":true,"href":"https:\/\/infovera.com.ar\/web\/wp-json\/wp\/v2\/comments?post=59796"}],"version-history":[{"count":0,"href":"https:\/\/infovera.com.ar\/web\/wp-json\/wp\/v2\/posts\/59796\/revisions"}],"wp:featuredmedia":[{"embeddable":true,"href":"https:\/\/infovera.com.ar\/web\/wp-json\/wp\/v2\/media\/59798"}],"wp:attachment":[{"href":"https:\/\/infovera.com.ar\/web\/wp-json\/wp\/v2\/media?parent=59796"}],"wp:term":[{"taxonomy":"category","embeddable":true,"href":"https:\/\/infovera.com.ar\/web\/wp-json\/wp\/v2\/categories?post=59796"},{"taxonomy":"post_tag","embeddable":true,"href":"https:\/\/infovera.com.ar\/web\/wp-json\/wp\/v2\/tags?post=59796"}],"curies":[{"name":"wp","href":"https:\/\/api.w.org\/{rel}","templated":true}]}}