{"id":59716,"date":"2025-03-17T09:42:14","date_gmt":"2025-03-17T12:42:14","guid":{"rendered":"https:\/\/infovera.com.ar\/web\/?p=59716"},"modified":"2025-03-17T14:37:58","modified_gmt":"2025-03-17T17:37:58","slug":"entronizaron-al-cura-brochero-en-la-parroquia-de-vera","status":"publish","type":"post","link":"https:\/\/infovera.com.ar\/web\/2025\/03\/17\/entronizaron-al-cura-brochero-en-la-parroquia-de-vera\/","title":{"rendered":"Entronizaron al Cura Brochero en la Parroquia de Vera"},"content":{"rendered":"<p>Con la presencia del obispo \u00c1ngel Jos\u00e9 Macin.<\/p>\n<p>La imagen fue tarea del artesano Tom\u00e1s Franzoy, en algarrobo y del mismo tronco del que fue tallado el Cristo que preside la Iglesia desde hace casi dos a\u00f1os y el artista pl\u00e1stico verense Leonel Alcaraz fue el encargado de pintarlo<\/p>\n<p>La ceremonia fue presidida por el obispo diocesano \u00c1ngel Jos\u00e9 Mac\u00edn, secundado por el p\u00e1rroco Carlos Degiusti y con un templo repleto.<\/p>\n<p>El p\u00e1rroco destac\u00f3 que el Cura Brochero \u201ces de la misma madera del Cristo\u201d.<\/p>\n<p>El artesano Tom\u00e1s Franzoy dijo que \u201cen esta vocaci\u00f3n que nos da Dios de ser artista\u00a0 y poder transformar un tronco seco de madera en una figura que invita a la oraci\u00f3n, a la contemplaci\u00f3n y lo lindo que es para nosotros que somos humildes artistas\u201d.<\/p>\n<p>\u201cEstaba pensando, y me da curiosidad, en qu\u00e9 har\u00e1 el creador en el \u00faltimo momento nuestro de la transfiguraci\u00f3n cuando nos lleve a la plenitud\u201d, agreg\u00f3.<\/p>\n<p>\u201cLo que es un misterio y nuestra esperanza creer que hay un artista mucho m\u00e1s grande que nosotros y que va a hacer de esta materia algo grandioso\u201d, concluy\u00f3.<\/p>\n<p>Tambi\u00e9n Leonel Alcar\u00e1z explic\u00f3 la t\u00e9cnica y el color preciso elegido \u201cpara reflejar su piel curtida por el sol, que no parezca un maniqu\u00ed, pero que realce su figura, lo que fue todo un reto\u201d.<\/p>\n<p>Tambi\u00e9n agradeci\u00f3 \u201cla confianza en invitarme para esta tarea y es un honor que una obra m\u00eda este en la Iglesia\u201d.<\/p>\n<p>Hubo semblanzas y canciones en la parte final de la ceremonia que culmin\u00f3 con la imposici\u00f3n, sobre cada uno de los fieles, de una r\u00e9plica del poncho por la salud de los enfermos.<\/p>\n<p>Letyana Press<\/p>\n","protected":false},"excerpt":{"rendered":"<p>Con la presencia del obispo \u00c1ngel Jos\u00e9 Macin. La imagen fue tarea del artesano Tom\u00e1s Franzoy, en algarrobo y del mismo tronco del que fue tallado el Cristo que preside la Iglesia desde hace casi dos a\u00f1os y el artista pl\u00e1stico verense Leonel Alcaraz fue el encargado de pintarlo La ceremonia fue presidida por el [&hellip;]<\/p>\n","protected":false},"author":3,"featured_media":59717,"comment_status":"closed","ping_status":"closed","sticky":false,"template":"","format":"standard","meta":{"_joinchat":[],"footnotes":""},"categories":[45,36,53],"tags":[],"class_list":{"0":"post-59716","1":"post","2":"type-post","3":"status-publish","4":"format-standard","5":"has-post-thumbnail","7":"category-eclesiasticas","8":"category-sociedad","9":"category-vera"},"_links":{"self":[{"href":"https:\/\/infovera.com.ar\/web\/wp-json\/wp\/v2\/posts\/59716","targetHints":{"allow":["GET"]}}],"collection":[{"href":"https:\/\/infovera.com.ar\/web\/wp-json\/wp\/v2\/posts"}],"about":[{"href":"https:\/\/infovera.com.ar\/web\/wp-json\/wp\/v2\/types\/post"}],"author":[{"embeddable":true,"href":"https:\/\/infovera.com.ar\/web\/wp-json\/wp\/v2\/users\/3"}],"replies":[{"embeddable":true,"href":"https:\/\/infovera.com.ar\/web\/wp-json\/wp\/v2\/comments?post=59716"}],"version-history":[{"count":0,"href":"https:\/\/infovera.com.ar\/web\/wp-json\/wp\/v2\/posts\/59716\/revisions"}],"wp:featuredmedia":[{"embeddable":true,"href":"https:\/\/infovera.com.ar\/web\/wp-json\/wp\/v2\/media\/59717"}],"wp:attachment":[{"href":"https:\/\/infovera.com.ar\/web\/wp-json\/wp\/v2\/media?parent=59716"}],"wp:term":[{"taxonomy":"category","embeddable":true,"href":"https:\/\/infovera.com.ar\/web\/wp-json\/wp\/v2\/categories?post=59716"},{"taxonomy":"post_tag","embeddable":true,"href":"https:\/\/infovera.com.ar\/web\/wp-json\/wp\/v2\/tags?post=59716"}],"curies":[{"name":"wp","href":"https:\/\/api.w.org\/{rel}","templated":true}]}}